{"id":32882,"date":"2026-03-10T17:32:18","date_gmt":"2026-03-10T20:32:18","guid":{"rendered":"https:\/\/arquivosfutebolbrasil.com.br\/blog\/?p=32882"},"modified":"2026-03-10T17:32:19","modified_gmt":"2026-03-10T20:32:19","slug":"livro-historico-estatistico-do-maranhao-atletico-clube","status":"publish","type":"post","link":"https:\/\/arquivosfutebolbrasil.com.br\/blog\/2026\/03\/10\/livro-historico-estatistico-do-maranhao-atletico-clube\/","title":{"rendered":"Livro: &#8220;Hist\u00f3rico Estat\u00edstico do Maranh\u00e3o Atl\u00e9tico Clube&#8221;"},"content":{"rendered":"<div class=\"wp-block-image\">\n<figure class=\"aligncenter size-full\"><img loading=\"lazy\" decoding=\"async\" width=\"384\" height=\"570\" src=\"https:\/\/arquivosfutebolbrasil.com.br\/blog\/wp-content\/uploads\/2026\/03\/image.png\" alt=\"\" class=\"wp-image-32883\" srcset=\"https:\/\/arquivosfutebolbrasil.com.br\/blog\/wp-content\/uploads\/2026\/03\/image.png 384w, https:\/\/arquivosfutebolbrasil.com.br\/blog\/wp-content\/uploads\/2026\/03\/image-202x300.png 202w\" sizes=\"(max-width: 384px) 100vw, 384px\" \/><\/figure><\/div>\n\n\n<p>Os interessados em adquirir o link \u00e9 o seguinte: <a href=\"https:\/\/clubedeautores.com.br\/livro\/historico-estatistico-do-maranhao-atletico-clube-1932-2026lube-1952\">https:\/\/clubedeautores.com.br\/livro\/historico-estatistico-do-maranhao-atletico-clube-1932-2026lube-1952<\/a><\/p>\n","protected":false},"excerpt":{"rendered":"<p>Os interessados em adquirir o link \u00e9 o seguinte: https:\/\/clubedeautores.com.br\/livro\/historico-estatistico-do-maranhao-atletico-clube-1932-2026lube-1952<\/p>\n","protected":false},"author":2,"featured_media":0,"comment_status":"closed","ping_status":"open","sticky":false,"template":"","format":"standard","meta":{"footnotes":""},"categories":[52,20],"tags":[],"class_list":["post-32882","post","type-post","status-publish","format-standard","hentry","category-livros-videos-biblioteca-virtual","category-maranhao"],"_links":{"self":[{"href":"https:\/\/arquivosfutebolbrasil.com.br\/blog\/wp-json\/wp\/v2\/posts\/32882"}],"collection":[{"href":"https:\/\/arquivosfutebolbrasil.com.br\/blog\/wp-json\/wp\/v2\/posts"}],"about":[{"href":"https:\/\/arquivosfutebolbrasil.com.br\/blog\/wp-json\/wp\/v2\/types\/post"}],"author":[{"embeddable":true,"href":"https:\/\/arquivosfutebolbrasil.com.br\/blog\/wp-json\/wp\/v2\/users\/2"}],"replies":[{"embeddable":true,"href":"https:\/\/arquivosfutebolbrasil.com.br\/blog\/wp-json\/wp\/v2\/comments?post=32882"}],"version-history":[{"count":1,"href":"https:\/\/arquivosfutebolbrasil.com.br\/blog\/wp-json\/wp\/v2\/posts\/32882\/revisions"}],"predecessor-version":[{"id":32884,"href":"https:\/\/arquivosfutebolbrasil.com.br\/blog\/wp-json\/wp\/v2\/posts\/32882\/revisions\/32884"}],"wp:attachment":[{"href":"https:\/\/arquivosfutebolbrasil.com.br\/blog\/wp-json\/wp\/v2\/media?parent=32882"}],"wp:term":[{"taxonomy":"category","embeddable":true,"href":"https:\/\/arquivosfutebolbrasil.com.br\/blog\/wp-json\/wp\/v2\/categories?post=32882"},{"taxonomy":"post_tag","embeddable":true,"href":"https:\/\/arquivosfutebolbrasil.com.br\/blog\/wp-json\/wp\/v2\/tags?post=32882"}],"curies":[{"name":"wp","href":"https:\/\/api.w.org\/{rel}","templated":true}]}}