{"id":32600,"date":"2025-12-12T17:46:08","date_gmt":"2025-12-12T20:46:08","guid":{"rendered":"https:\/\/arquivosfutebolbrasil.com.br\/blog\/?p=32600"},"modified":"2025-12-03T17:46:59","modified_gmt":"2025-12-03T20:46:59","slug":"foto-historica-amapa-clube-macapa-ap-1951","status":"publish","type":"post","link":"https:\/\/arquivosfutebolbrasil.com.br\/blog\/2025\/12\/12\/foto-historica-amapa-clube-macapa-ap-1951\/","title":{"rendered":"Foto Hist\u00f3rica &#8211; Amap\u00e1 Clube (Macap\u00e1 &#8211; AP) &#8211; 1951"},"content":{"rendered":"<div class=\"wp-block-image\">\n<figure class=\"aligncenter size-full\"><img loading=\"lazy\" decoding=\"async\" width=\"739\" height=\"477\" src=\"https:\/\/arquivosfutebolbrasil.com.br\/blog\/wp-content\/uploads\/2025\/12\/image-3.png\" alt=\"\" class=\"wp-image-32601\" srcset=\"https:\/\/arquivosfutebolbrasil.com.br\/blog\/wp-content\/uploads\/2025\/12\/image-3.png 739w, https:\/\/arquivosfutebolbrasil.com.br\/blog\/wp-content\/uploads\/2025\/12\/image-3-300x194.png 300w, https:\/\/arquivosfutebolbrasil.com.br\/blog\/wp-content\/uploads\/2025\/12\/image-3-624x403.png 624w\" sizes=\"(max-width: 739px) 100vw, 739px\" \/><\/figure><\/div>\n\n\n<p>Fonte: Franselmo George<\/p>\n","protected":false},"excerpt":{"rendered":"<p>Fonte: Franselmo George<\/p>\n","protected":false},"author":2,"featured_media":0,"comment_status":"closed","ping_status":"open","sticky":false,"template":"","format":"standard","meta":{"footnotes":""},"categories":[4,54],"tags":[],"class_list":["post-32600","post","type-post","status-publish","format-standard","hentry","category-amapa","category-fotos-historicas"],"_links":{"self":[{"href":"https:\/\/arquivosfutebolbrasil.com.br\/blog\/wp-json\/wp\/v2\/posts\/32600"}],"collection":[{"href":"https:\/\/arquivosfutebolbrasil.com.br\/blog\/wp-json\/wp\/v2\/posts"}],"about":[{"href":"https:\/\/arquivosfutebolbrasil.com.br\/blog\/wp-json\/wp\/v2\/types\/post"}],"author":[{"embeddable":true,"href":"https:\/\/arquivosfutebolbrasil.com.br\/blog\/wp-json\/wp\/v2\/users\/2"}],"replies":[{"embeddable":true,"href":"https:\/\/arquivosfutebolbrasil.com.br\/blog\/wp-json\/wp\/v2\/comments?post=32600"}],"version-history":[{"count":1,"href":"https:\/\/arquivosfutebolbrasil.com.br\/blog\/wp-json\/wp\/v2\/posts\/32600\/revisions"}],"predecessor-version":[{"id":32602,"href":"https:\/\/arquivosfutebolbrasil.com.br\/blog\/wp-json\/wp\/v2\/posts\/32600\/revisions\/32602"}],"wp:attachment":[{"href":"https:\/\/arquivosfutebolbrasil.com.br\/blog\/wp-json\/wp\/v2\/media?parent=32600"}],"wp:term":[{"taxonomy":"category","embeddable":true,"href":"https:\/\/arquivosfutebolbrasil.com.br\/blog\/wp-json\/wp\/v2\/categories?post=32600"},{"taxonomy":"post_tag","embeddable":true,"href":"https:\/\/arquivosfutebolbrasil.com.br\/blog\/wp-json\/wp\/v2\/tags?post=32600"}],"curies":[{"name":"wp","href":"https:\/\/api.w.org\/{rel}","templated":true}]}}