{"id":32390,"date":"2025-10-03T20:41:17","date_gmt":"2025-10-03T23:41:17","guid":{"rendered":"https:\/\/arquivosfutebolbrasil.com.br\/blog\/?p=32390"},"modified":"2025-10-03T20:41:17","modified_gmt":"2025-10-03T23:41:17","slug":"gremio-esportivo-bage-bage-rs-temporada-oficial-de-1970","status":"publish","type":"post","link":"https:\/\/arquivosfutebolbrasil.com.br\/blog\/2025\/10\/03\/gremio-esportivo-bage-bage-rs-temporada-oficial-de-1970\/","title":{"rendered":"Gr\u00eamio Esportivo Bag\u00e9 (Bag\u00e9 &#8211; RS) &#8211; Temporada Oficial de 1970"},"content":{"rendered":"<div class=\"wp-block-image\">\n<figure class=\"aligncenter size-full is-resized\"><img loading=\"lazy\" decoding=\"async\" width=\"659\" height=\"440\" src=\"https:\/\/arquivosfutebolbrasil.com.br\/blog\/wp-content\/uploads\/2025\/10\/image-1.png\" alt=\"\" class=\"wp-image-32391\" style=\"width:600px;height:auto\" srcset=\"https:\/\/arquivosfutebolbrasil.com.br\/blog\/wp-content\/uploads\/2025\/10\/image-1.png 659w, https:\/\/arquivosfutebolbrasil.com.br\/blog\/wp-content\/uploads\/2025\/10\/image-1-300x200.png 300w, https:\/\/arquivosfutebolbrasil.com.br\/blog\/wp-content\/uploads\/2025\/10\/image-1-624x417.png 624w\" sizes=\"(max-width: 659px) 100vw, 659px\" \/><\/figure><\/div>\n\n\n<p>Bag\u00e9 2&#215;1 Guarany Atl\u00e2ntico (Santa Maria)<br>Data: 09 de agosto de 1970<br>Local: Santa Maria<br>Car\u00e1ter: Campeonato Ga\u00facho &#8211; 1970<\/p>\n\n\n\n<p>Bag\u00e9 2&#215;0 Internacional (Santa Maria)<br>Data: 23 de agosto de 1970<br>Local: Bag\u00e9<br>Car\u00e1ter: Campeonato Ga\u00facho &#8211; 1970<\/p>\n\n\n\n<p>Bag\u00e9 0x0 Riograndense (Santa Maria)<br>Data: 30 de agosto de 1970<br>Local: Bag\u00e9<br>Car\u00e1ter: Campeonato Ga\u00facho &#8211; 1970<\/p>\n\n\n\n<p>Bag\u00e9 1&#215;1 Riograndense (Santa Maria)<br>Data: 11 de outubro de 1970<br>Local: Santa Maria<br>Car\u00e1ter: Campeonato Ga\u00facho &#8211; 1970<\/p>\n\n\n\n<p>Bag\u00e9 3&#215;1 Riograndense (Santa Maria)<br>Data: 18 de outubro de 1970<br>Local: Rio Pardo<br>Car\u00e1ter: Campeonato Ga\u00facho &#8211; 1970<\/p>\n\n\n\n<p>Bag\u00e9 0x0 Uruguaiana (Uruguaiana)<br>Data: 29 de novembro de 1970<br>Local: Bag\u00e9<br>Car\u00e1ter: Campeonato Ga\u00facho &#8211; 1970<\/p>\n\n\n\n<p>Bag\u00e9 1&#215;1 Uruguaiana (Uruguaiana)<br>Data: 06 de dezembro de 1970<br>Local: Uruguaiana<br>Car\u00e1ter: Campeonato Ga\u00facho &#8211; 1970<\/p>\n\n\n\n<p>Bag\u00e9 2&#215;2 Uruguaiana (Uruguaiana)<br>Data: 09 de dezembro de 1970<br>Local: Porto Alegre<br>Car\u00e1ter: Campeonato Ga\u00facho &#8211; 1970<\/p>\n\n\n\n<p>Fonte: Julio Bovi Diogo<\/p>\n","protected":false},"excerpt":{"rendered":"<p>Bag\u00e9 2&#215;1 Guarany Atl\u00e2ntico (Santa Maria)Data: 09 de agosto de 1970Local: Santa MariaCar\u00e1ter: Campeonato Ga\u00facho &#8211; 1970 Bag\u00e9 2&#215;0 Internacional (Santa Maria)Data: 23 de agosto de 1970Local: Bag\u00e9Car\u00e1ter: Campeonato Ga\u00facho &#8211; 1970 Bag\u00e9 0x0 Riograndense (Santa Maria)Data: 30 de agosto de 1970Local: Bag\u00e9Car\u00e1ter: Campeonato Ga\u00facho &#8211; 1970 Bag\u00e9 1&#215;1 Riograndense (Santa Maria)Data: 11 de outubro [&hellip;]<\/p>\n","protected":false},"author":2,"featured_media":0,"comment_status":"closed","ping_status":"open","sticky":false,"template":"","format":"standard","meta":{"footnotes":""},"categories":[48,54,47,32],"tags":[],"class_list":["post-32390","post","type-post","status-publish","format-standard","hentry","category-campeonatos-historicos","category-fotos-historicas","category-jogos-historicos","category-rio-grande-do-sul"],"_links":{"self":[{"href":"https:\/\/arquivosfutebolbrasil.com.br\/blog\/wp-json\/wp\/v2\/posts\/32390"}],"collection":[{"href":"https:\/\/arquivosfutebolbrasil.com.br\/blog\/wp-json\/wp\/v2\/posts"}],"about":[{"href":"https:\/\/arquivosfutebolbrasil.com.br\/blog\/wp-json\/wp\/v2\/types\/post"}],"author":[{"embeddable":true,"href":"https:\/\/arquivosfutebolbrasil.com.br\/blog\/wp-json\/wp\/v2\/users\/2"}],"replies":[{"embeddable":true,"href":"https:\/\/arquivosfutebolbrasil.com.br\/blog\/wp-json\/wp\/v2\/comments?post=32390"}],"version-history":[{"count":1,"href":"https:\/\/arquivosfutebolbrasil.com.br\/blog\/wp-json\/wp\/v2\/posts\/32390\/revisions"}],"predecessor-version":[{"id":32392,"href":"https:\/\/arquivosfutebolbrasil.com.br\/blog\/wp-json\/wp\/v2\/posts\/32390\/revisions\/32392"}],"wp:attachment":[{"href":"https:\/\/arquivosfutebolbrasil.com.br\/blog\/wp-json\/wp\/v2\/media?parent=32390"}],"wp:term":[{"taxonomy":"category","embeddable":true,"href":"https:\/\/arquivosfutebolbrasil.com.br\/blog\/wp-json\/wp\/v2\/categories?post=32390"},{"taxonomy":"post_tag","embeddable":true,"href":"https:\/\/arquivosfutebolbrasil.com.br\/blog\/wp-json\/wp\/v2\/tags?post=32390"}],"curies":[{"name":"wp","href":"https:\/\/api.w.org\/{rel}","templated":true}]}}