{"id":32311,"date":"2025-10-16T17:57:12","date_gmt":"2025-10-16T20:57:12","guid":{"rendered":"https:\/\/arquivosfutebolbrasil.com.br\/blog\/?p=32311"},"modified":"2025-09-18T17:57:51","modified_gmt":"2025-09-18T20:57:51","slug":"clubes-de-minas-gerais-sao-jose-esporte-clube-abaete","status":"publish","type":"post","link":"https:\/\/arquivosfutebolbrasil.com.br\/blog\/2025\/10\/16\/clubes-de-minas-gerais-sao-jose-esporte-clube-abaete\/","title":{"rendered":"Clubes de Minas Gerais &#8211; S\u00e3o Jos\u00e9 Esporte Clube (Abaet\u00e9)"},"content":{"rendered":"<div class=\"wp-block-image\">\n<figure class=\"aligncenter size-full\"><img loading=\"lazy\" decoding=\"async\" width=\"612\" height=\"320\" src=\"https:\/\/arquivosfutebolbrasil.com.br\/blog\/wp-content\/uploads\/2025\/09\/image-56.png\" alt=\"\" class=\"wp-image-32312\" srcset=\"https:\/\/arquivosfutebolbrasil.com.br\/blog\/wp-content\/uploads\/2025\/09\/image-56.png 612w, https:\/\/arquivosfutebolbrasil.com.br\/blog\/wp-content\/uploads\/2025\/09\/image-56-300x157.png 300w\" sizes=\"(max-width: 612px) 100vw, 612px\" \/><\/figure><\/div>","protected":false},"excerpt":{"rendered":"","protected":false},"author":2,"featured_media":0,"comment_status":"closed","ping_status":"open","sticky":false,"template":"","format":"standard","meta":{"footnotes":""},"categories":[55,39,23],"tags":[],"class_list":["post-32311","post","type-post","status-publish","format-standard","hentry","category-clubes-de-futebol","category-escudos","category-minas-gerais"],"_links":{"self":[{"href":"https:\/\/arquivosfutebolbrasil.com.br\/blog\/wp-json\/wp\/v2\/posts\/32311"}],"collection":[{"href":"https:\/\/arquivosfutebolbrasil.com.br\/blog\/wp-json\/wp\/v2\/posts"}],"about":[{"href":"https:\/\/arquivosfutebolbrasil.com.br\/blog\/wp-json\/wp\/v2\/types\/post"}],"author":[{"embeddable":true,"href":"https:\/\/arquivosfutebolbrasil.com.br\/blog\/wp-json\/wp\/v2\/users\/2"}],"replies":[{"embeddable":true,"href":"https:\/\/arquivosfutebolbrasil.com.br\/blog\/wp-json\/wp\/v2\/comments?post=32311"}],"version-history":[{"count":1,"href":"https:\/\/arquivosfutebolbrasil.com.br\/blog\/wp-json\/wp\/v2\/posts\/32311\/revisions"}],"predecessor-version":[{"id":32313,"href":"https:\/\/arquivosfutebolbrasil.com.br\/blog\/wp-json\/wp\/v2\/posts\/32311\/revisions\/32313"}],"wp:attachment":[{"href":"https:\/\/arquivosfutebolbrasil.com.br\/blog\/wp-json\/wp\/v2\/media?parent=32311"}],"wp:term":[{"taxonomy":"category","embeddable":true,"href":"https:\/\/arquivosfutebolbrasil.com.br\/blog\/wp-json\/wp\/v2\/categories?post=32311"},{"taxonomy":"post_tag","embeddable":true,"href":"https:\/\/arquivosfutebolbrasil.com.br\/blog\/wp-json\/wp\/v2\/tags?post=32311"}],"curies":[{"name":"wp","href":"https:\/\/api.w.org\/{rel}","templated":true}]}}