{"id":3228,"date":"2019-12-04T18:43:00","date_gmt":"2019-12-04T21:43:00","guid":{"rendered":"https:\/\/arquivosfutebolbrasil.com.br\/blog\/?p=3228"},"modified":"2019-12-01T08:44:02","modified_gmt":"2019-12-01T11:44:02","slug":"clubes-da-bahia-associacao-desportiva-jequie-jequie","status":"publish","type":"post","link":"https:\/\/arquivosfutebolbrasil.com.br\/blog\/2019\/12\/04\/clubes-da-bahia-associacao-desportiva-jequie-jequie\/","title":{"rendered":"Clubes da Bahia &#8211; Associa\u00e7\u00e3o Desportiva Jequi\u00e9 (Jequi\u00e9)"},"content":{"rendered":"\n<figure class=\"wp-block-image size-large is-resized\"><img loading=\"lazy\" decoding=\"async\" src=\"https:\/\/arquivosfutebolbrasil.com.br\/blog\/wp-content\/uploads\/2019\/12\/2-21.jpg\" alt=\"\" class=\"wp-image-3229\" width=\"612\" height=\"323\" srcset=\"https:\/\/arquivosfutebolbrasil.com.br\/blog\/wp-content\/uploads\/2019\/12\/2-21.jpg 662w, https:\/\/arquivosfutebolbrasil.com.br\/blog\/wp-content\/uploads\/2019\/12\/2-21-300x159.jpg 300w\" sizes=\"(max-width: 612px) 100vw, 612px\" \/><\/figure>\n\r\n","protected":false},"excerpt":{"rendered":"","protected":false},"author":2,"featured_media":0,"comment_status":"open","ping_status":"open","sticky":false,"template":"","format":"standard","meta":{"footnotes":""},"categories":[15,55,39],"tags":[],"class_list":["post-3228","post","type-post","status-publish","format-standard","hentry","category-bahia","category-clubes-de-futebol","category-escudos"],"_links":{"self":[{"href":"https:\/\/arquivosfutebolbrasil.com.br\/blog\/wp-json\/wp\/v2\/posts\/3228"}],"collection":[{"href":"https:\/\/arquivosfutebolbrasil.com.br\/blog\/wp-json\/wp\/v2\/posts"}],"about":[{"href":"https:\/\/arquivosfutebolbrasil.com.br\/blog\/wp-json\/wp\/v2\/types\/post"}],"author":[{"embeddable":true,"href":"https:\/\/arquivosfutebolbrasil.com.br\/blog\/wp-json\/wp\/v2\/users\/2"}],"replies":[{"embeddable":true,"href":"https:\/\/arquivosfutebolbrasil.com.br\/blog\/wp-json\/wp\/v2\/comments?post=3228"}],"version-history":[{"count":1,"href":"https:\/\/arquivosfutebolbrasil.com.br\/blog\/wp-json\/wp\/v2\/posts\/3228\/revisions"}],"predecessor-version":[{"id":3230,"href":"https:\/\/arquivosfutebolbrasil.com.br\/blog\/wp-json\/wp\/v2\/posts\/3228\/revisions\/3230"}],"wp:attachment":[{"href":"https:\/\/arquivosfutebolbrasil.com.br\/blog\/wp-json\/wp\/v2\/media?parent=3228"}],"wp:term":[{"taxonomy":"category","embeddable":true,"href":"https:\/\/arquivosfutebolbrasil.com.br\/blog\/wp-json\/wp\/v2\/categories?post=3228"},{"taxonomy":"post_tag","embeddable":true,"href":"https:\/\/arquivosfutebolbrasil.com.br\/blog\/wp-json\/wp\/v2\/tags?post=3228"}],"curies":[{"name":"wp","href":"https:\/\/api.w.org\/{rel}","templated":true}]}}