{"id":32236,"date":"2025-10-01T17:08:23","date_gmt":"2025-10-01T20:08:23","guid":{"rendered":"https:\/\/arquivosfutebolbrasil.com.br\/blog\/?p=32236"},"modified":"2025-09-15T17:08:58","modified_gmt":"2025-09-15T20:08:58","slug":"jogo-historico-coritiba-pr-x-palmeiras-sc","status":"publish","type":"post","link":"https:\/\/arquivosfutebolbrasil.com.br\/blog\/2025\/10\/01\/jogo-historico-coritiba-pr-x-palmeiras-sc\/","title":{"rendered":"Jogo Hist\u00f3rico &#8211; Coritiba (PR) x Palmeiras (SC)"},"content":{"rendered":"\n<p><strong>Coritiba FC (Curitiba &#8211; PR) 2&#215;0 Palmeiras EC (Blumenau &#8211; SC)<\/strong><br>Data: 13 de maio de 1967<br>Local: Est\u00e1dio Belfort Duarte, em Curitiba &#8211; PR<br>Car\u00e1ter: Amistoso Nacional<br>\u00c1rbitro: Jos\u00e9 Orlando de Souza<br>Gols: Walter e Kruger<br>Coritiba: Zeferino; Vivi, Celso, Nico e Chiquinho; Hugo e Lucas; Oromar, Walter, Krugger (Davi) e Edson<br>Palmeiras: Pinto (Os\u00edres); Roberto Picol\u00e9, Beto (Edgard), Dula e Edgard (Ramalho); Gentil e Vieira; Zinho, Vado, Ivan e Rubinho<\/p>\n\n\n\n<p>Fonte: Dejair Fernandes e Julio Bovi Diogo<\/p>\n","protected":false},"excerpt":{"rendered":"<p>Coritiba FC (Curitiba &#8211; PR) 2&#215;0 Palmeiras EC (Blumenau &#8211; SC)Data: 13 de maio de 1967Local: Est\u00e1dio Belfort Duarte, em Curitiba &#8211; PRCar\u00e1ter: Amistoso Nacional\u00c1rbitro: Jos\u00e9 Orlando de SouzaGols: Walter e KrugerCoritiba: Zeferino; Vivi, Celso, Nico e Chiquinho; Hugo e Lucas; Oromar, Walter, Krugger (Davi) e EdsonPalmeiras: Pinto (Os\u00edres); Roberto Picol\u00e9, Beto (Edgard), Dula e [&hellip;]<\/p>\n","protected":false},"author":2,"featured_media":0,"comment_status":"closed","ping_status":"open","sticky":false,"template":"","format":"standard","meta":{"footnotes":""},"categories":[46,47,25,36],"tags":[],"class_list":["post-32236","post","type-post","status-publish","format-standard","hentry","category-jogos-amistosos-nacionais","category-jogos-historicos","category-parana","category-santa-catarina"],"_links":{"self":[{"href":"https:\/\/arquivosfutebolbrasil.com.br\/blog\/wp-json\/wp\/v2\/posts\/32236"}],"collection":[{"href":"https:\/\/arquivosfutebolbrasil.com.br\/blog\/wp-json\/wp\/v2\/posts"}],"about":[{"href":"https:\/\/arquivosfutebolbrasil.com.br\/blog\/wp-json\/wp\/v2\/types\/post"}],"author":[{"embeddable":true,"href":"https:\/\/arquivosfutebolbrasil.com.br\/blog\/wp-json\/wp\/v2\/users\/2"}],"replies":[{"embeddable":true,"href":"https:\/\/arquivosfutebolbrasil.com.br\/blog\/wp-json\/wp\/v2\/comments?post=32236"}],"version-history":[{"count":1,"href":"https:\/\/arquivosfutebolbrasil.com.br\/blog\/wp-json\/wp\/v2\/posts\/32236\/revisions"}],"predecessor-version":[{"id":32237,"href":"https:\/\/arquivosfutebolbrasil.com.br\/blog\/wp-json\/wp\/v2\/posts\/32236\/revisions\/32237"}],"wp:attachment":[{"href":"https:\/\/arquivosfutebolbrasil.com.br\/blog\/wp-json\/wp\/v2\/media?parent=32236"}],"wp:term":[{"taxonomy":"category","embeddable":true,"href":"https:\/\/arquivosfutebolbrasil.com.br\/blog\/wp-json\/wp\/v2\/categories?post=32236"},{"taxonomy":"post_tag","embeddable":true,"href":"https:\/\/arquivosfutebolbrasil.com.br\/blog\/wp-json\/wp\/v2\/tags?post=32236"}],"curies":[{"name":"wp","href":"https:\/\/api.w.org\/{rel}","templated":true}]}}