{"id":32151,"date":"2025-09-02T05:49:03","date_gmt":"2025-09-02T08:49:03","guid":{"rendered":"https:\/\/arquivosfutebolbrasil.com.br\/blog\/?p=32151"},"modified":"2025-09-02T05:49:03","modified_gmt":"2025-09-02T08:49:03","slug":"jogo-historico-goytacaz-rj-x-internacional-rj","status":"publish","type":"post","link":"https:\/\/arquivosfutebolbrasil.com.br\/blog\/2025\/09\/02\/jogo-historico-goytacaz-rj-x-internacional-rj\/","title":{"rendered":"Jogo Hist\u00f3rico \u2013 Goytacaz (RJ) x Internacional (RJ)"},"content":{"rendered":"\n<p><strong>Goytacaz FC (Campos &#8211; RJ) 1&#215;1 Internacional FC (Campos &#8211; RJ)<\/strong><br>Data: 03 de Novembro de 1912<br>Local: Rua Formosa, em Campos &#8211; RJ<br>Car\u00e1ter: Amistoso Nacional<br>\u00c1rbitro: n\u00e3o encontrado<br>Gols: Samuel (contra) e Brito<br>Goytacaz: Caramuru; Doje e Estev\u00e3o; Jorge, Jos\u00e9 e Alvaro; Heitor, Jo\u00e3o, Did\u00fa, Dito e Ruda<br>Internacional: Edmundo; Samuel e Henrique; Zezino, Seixas e Aristides; Copplaud, Brito, Luppa, Duncan e Carlos<\/p>\n\n\n\n<p>Fonte: Julio Bovi Diogo<\/p>\n","protected":false},"excerpt":{"rendered":"<p>Goytacaz FC (Campos &#8211; RJ) 1&#215;1 Internacional FC (Campos &#8211; RJ)Data: 03 de Novembro de 1912Local: Rua Formosa, em Campos &#8211; RJCar\u00e1ter: Amistoso Nacional\u00c1rbitro: n\u00e3o encontradoGols: Samuel (contra) e BritoGoytacaz: Caramuru; Doje e Estev\u00e3o; Jorge, Jos\u00e9 e Alvaro; Heitor, Jo\u00e3o, Did\u00fa, Dito e RudaInternacional: Edmundo; Samuel e Henrique; Zezino, Seixas e Aristides; Copplaud, Brito, Luppa, [&hellip;]<\/p>\n","protected":false},"author":2,"featured_media":0,"comment_status":"closed","ping_status":"open","sticky":false,"template":"","format":"standard","meta":{"footnotes":""},"categories":[46,47,30],"tags":[],"class_list":["post-32151","post","type-post","status-publish","format-standard","hentry","category-jogos-amistosos-nacionais","category-jogos-historicos","category-rio-de-janeiro-antigo-estado"],"_links":{"self":[{"href":"https:\/\/arquivosfutebolbrasil.com.br\/blog\/wp-json\/wp\/v2\/posts\/32151"}],"collection":[{"href":"https:\/\/arquivosfutebolbrasil.com.br\/blog\/wp-json\/wp\/v2\/posts"}],"about":[{"href":"https:\/\/arquivosfutebolbrasil.com.br\/blog\/wp-json\/wp\/v2\/types\/post"}],"author":[{"embeddable":true,"href":"https:\/\/arquivosfutebolbrasil.com.br\/blog\/wp-json\/wp\/v2\/users\/2"}],"replies":[{"embeddable":true,"href":"https:\/\/arquivosfutebolbrasil.com.br\/blog\/wp-json\/wp\/v2\/comments?post=32151"}],"version-history":[{"count":1,"href":"https:\/\/arquivosfutebolbrasil.com.br\/blog\/wp-json\/wp\/v2\/posts\/32151\/revisions"}],"predecessor-version":[{"id":32152,"href":"https:\/\/arquivosfutebolbrasil.com.br\/blog\/wp-json\/wp\/v2\/posts\/32151\/revisions\/32152"}],"wp:attachment":[{"href":"https:\/\/arquivosfutebolbrasil.com.br\/blog\/wp-json\/wp\/v2\/media?parent=32151"}],"wp:term":[{"taxonomy":"category","embeddable":true,"href":"https:\/\/arquivosfutebolbrasil.com.br\/blog\/wp-json\/wp\/v2\/categories?post=32151"},{"taxonomy":"post_tag","embeddable":true,"href":"https:\/\/arquivosfutebolbrasil.com.br\/blog\/wp-json\/wp\/v2\/tags?post=32151"}],"curies":[{"name":"wp","href":"https:\/\/api.w.org\/{rel}","templated":true}]}}