{"id":32129,"date":"2025-09-01T16:16:09","date_gmt":"2025-09-01T19:16:09","guid":{"rendered":"https:\/\/arquivosfutebolbrasil.com.br\/blog\/?p=32129"},"modified":"2025-09-01T16:16:10","modified_gmt":"2025-09-01T19:16:10","slug":"america-futebol-clube-belo-horizonte-mg-temporada-de-1928","status":"publish","type":"post","link":"https:\/\/arquivosfutebolbrasil.com.br\/blog\/2025\/09\/01\/america-futebol-clube-belo-horizonte-mg-temporada-de-1928\/","title":{"rendered":"Am\u00e9rica Futebol Clube (Belo Horizonte &#8211; MG) &#8211; Temporada de 1928"},"content":{"rendered":"<div class=\"wp-block-image\">\n<figure class=\"aligncenter size-large\"><img loading=\"lazy\" decoding=\"async\" width=\"1024\" height=\"684\" src=\"https:\/\/arquivosfutebolbrasil.com.br\/blog\/wp-content\/uploads\/2025\/09\/image-3-1024x684.png\" alt=\"\" class=\"wp-image-32130\" srcset=\"https:\/\/arquivosfutebolbrasil.com.br\/blog\/wp-content\/uploads\/2025\/09\/image-3-1024x684.png 1024w, https:\/\/arquivosfutebolbrasil.com.br\/blog\/wp-content\/uploads\/2025\/09\/image-3-300x200.png 300w, https:\/\/arquivosfutebolbrasil.com.br\/blog\/wp-content\/uploads\/2025\/09\/image-3-768x513.png 768w, https:\/\/arquivosfutebolbrasil.com.br\/blog\/wp-content\/uploads\/2025\/09\/image-3-624x417.png 624w, https:\/\/arquivosfutebolbrasil.com.br\/blog\/wp-content\/uploads\/2025\/09\/image-3.png 1089w\" sizes=\"(max-width: 1024px) 100vw, 1024px\" \/><\/figure><\/div>\n\n\n<p>Am\u00e9rica 9&#215;1 Alves Nogueira (Sabar\u00e1 &#8211; MG)<br>Data: 01 de janeiro de 1928<br>Local: Belo Horizonte &#8211; MG<br>Car\u00e1ter: Amistoso Nacional<\/p>\n\n\n\n<p>Am\u00e9rica 6&#215;2 Alves Nogueira (Sabar\u00e1 &#8211; MG)<br>Data: 22 de janeiro de 1928<br>Local: Sabar\u00e1 &#8211; MG<br>Car\u00e1ter: Amistoso Nacional<\/p>\n\n\n\n<p>Am\u00e9rica 6&#215;2 Retiro (Nova Lima &#8211; MG)<br>Data: 25 de mar\u00e7o de 1928<br>Local: Belo Horizonte &#8211; MG<br>Car\u00e1ter: Amistoso Nacional<\/p>\n\n\n\n<p>Am\u00e9rica 4&#215;0 Sport Calafate (Belo Horizonte &#8211; MG)<br>Data: 08 de abril de 1928<br>Local: Belo Horizonte &#8211; MG<br>Car\u00e1ter: Campeonato Mineiro &#8211; 1928<\/p>\n\n\n\n<p>Am\u00e9rica 1&#215;4 Palestra It\u00e1lia (Belo Horizonte &#8211; MG)<br>Data: 21 de abril de 1928<br>Local: Belo Horizonte &#8211; MG<br>Car\u00e1ter: Amistoso Nacional<\/p>\n\n\n\n<p>Am\u00e9rica 4&#215;3 Sete de Setembro (Belo Horizonte &#8211; MG)<br>Data: 29 de abril de 1928<br>Local: Belo Horizonte &#8211; MG<br>Car\u00e1ter: Campeonato Mineiro &#8211; 1928<\/p>\n\n\n\n<p>Am\u00e9rica 3&#215;2 Guarany (Belo Horizonte &#8211; MG)<br>Data: 20 de maio de 1928<br>Local: Belo Horizonte &#8211; MG<br>Car\u00e1ter: Campeonato Mineiro &#8211; 1928<\/p>\n\n\n\n<p>Am\u00e9rica 3&#215;1 Syrio Horizontino (Belo Horizonte &#8211; MG)<br>Data: 15 de julho de 1928<br>Local: Belo Horizonte &#8211; MG<br>Car\u00e1ter: Campeonato Mineiro &#8211; 1928<\/p>\n\n\n\n<p>Am\u00e9rica 14&#215;0 Palmeiras (Belo Horizonte &#8211; MG)<br>Data: 29 de julho de 1928<br>Local: Belo Horizonte &#8211; MG<br>Car\u00e1ter: Campeonato Mineiro &#8211; 1928<\/p>\n\n\n\n<p>Am\u00e9rica 4&#215;6 Palestra It\u00e1lia (Belo Horizonte &#8211; MG)<br>Data: 05 de agosto de 1928<br>Local: Belo Horizonte &#8211; MG<br>Car\u00e1ter: Campeonato Mineiro &#8211; 1928<\/p>\n\n\n\n<p>Am\u00e9rica 5&#215;0 Alves Nogueira (Sabar\u00e1 &#8211; MG)<br>Data: 12 de agosto de 1928<br>Local: Belo Horizonte &#8211; MG<br>Car\u00e1ter: Campeonato Mineiro &#8211; 1928<\/p>\n\n\n\n<p>Am\u00e9rica 4&#215;3 Villa Nova (Nova Lima &#8211; MG)<br>Data: 26 de agosto de 1928<br>Local: Belo Horizonte &#8211; MG<br>Car\u00e1ter: Campeonato Mineiro &#8211; 1928<\/p>\n\n\n\n<p>Am\u00e9rica 0x1 Atl\u00e9tico (Belo Horizonte &#8211; MG)<br>Data: 09 de setembro de 1928<br>Local: Belo Horizonte &#8211; MG<br>Car\u00e1ter: Campeonato Mineiro &#8211; 1928<\/p>\n\n\n\n<p>Am\u00e9rica 9&#215;1 Guarany (Belo Horizonte &#8211; MG)<br>Data: 28 de outubro de 1928<br>Local: Belo Horizonte &#8211; MG<br>Car\u00e1ter: Amistoso Nacional<\/p>\n\n\n\n<p>Am\u00e9rica 3&#215;1 Sport Calafate (Belo Horizonte &#8211; MG)<br>Data: 11 de novembro de 1928<br>Local: Belo Horizonte &#8211; MG<br>Car\u00e1ter: Campeonato Mineiro &#8211; 1928<\/p>\n\n\n\n<p>Am\u00e9rica 2&#215;2 Sete de Setembro (Belo Horizonte &#8211; MG)<br>Data: 18 de novembro de 1928<br>Local: Belo Horizonte &#8211; MG<br>Car\u00e1ter: Campeonato Mineiro &#8211; 1928<\/p>\n\n\n\n<p>Am\u00e9rica 6&#215;3 Atl\u00e9tico (Belo Horizonte &#8211; MG)<br>Data: 25 de novembro de 1928<br>Local: Belo Horizonte &#8211; MG<br>Car\u00e1ter: Campeonato Mineiro &#8211; 1928<\/p>\n\n\n\n<p>Am\u00e9rica 3&#215;1 Guarany (Belo Horizonte &#8211; MG)<br>Data: 02 de dezembro de 1928<br>Local: Belo Horizonte &#8211; MG<br>Car\u00e1ter: Campeonato Mineiro &#8211; 1928<\/p>\n\n\n\n<p>Am\u00e9rica 1&#215;2 Palestra It\u00e1lia (Belo Horizonte &#8211; MG)<br>Data: 09 de dezembro de 1928<br>Local: Belo Horizonte &#8211; MG<br>Car\u00e1ter: Campeonato Mineiro &#8211; 1928<\/p>\n\n\n\n<p>Am\u00e9rica 9&#215;0 Palmeiras (Belo Horizonte &#8211; MG)<br>Data: 16 de dezembro de 1928<br>Local: Belo Horizonte &#8211; MG<br>Car\u00e1ter: Campeonato Mineiro &#8211; 1928<\/p>\n\n\n\n<p>Am\u00e9rica 9&#215;2 Alves Nogueira (Sabar\u00e1 &#8211; MG)<br>Data: 23 de dezembro de 1928<br>Local: Belo Horizonte &#8211; MG<br>Car\u00e1ter: Campeonato Mineiro &#8211; 1928<\/p>\n\n\n\n<p>Am\u00e9rica 4&#215;4 Vila Nova (Nova Lima &#8211; MG)<br>Data: 30 de dezembro de 1928<br>Local: Belo Horizonte &#8211; MG<br>Car\u00e1ter: Campeonato Mineiro &#8211; 1928<\/p>\n\n\n\n<p>Fonte: Julio Bovi Diogo<\/p>\n","protected":false},"excerpt":{"rendered":"<p>Am\u00e9rica 9&#215;1 Alves Nogueira (Sabar\u00e1 &#8211; MG)Data: 01 de janeiro de 1928Local: Belo Horizonte &#8211; MGCar\u00e1ter: Amistoso Nacional Am\u00e9rica 6&#215;2 Alves Nogueira (Sabar\u00e1 &#8211; MG)Data: 22 de janeiro de 1928Local: Sabar\u00e1 &#8211; MGCar\u00e1ter: Amistoso Nacional Am\u00e9rica 6&#215;2 Retiro (Nova Lima &#8211; MG)Data: 25 de mar\u00e7o de 1928Local: Belo Horizonte &#8211; MGCar\u00e1ter: Amistoso Nacional Am\u00e9rica 4&#215;0 [&hellip;]<\/p>\n","protected":false},"author":2,"featured_media":0,"comment_status":"closed","ping_status":"open","sticky":false,"template":"","format":"standard","meta":{"footnotes":""},"categories":[48,54,46,47,23,57],"tags":[],"class_list":["post-32129","post","type-post","status-publish","format-standard","hentry","category-campeonatos-historicos","category-fotos-historicas","category-jogos-amistosos-nacionais","category-jogos-historicos","category-minas-gerais","category-temporadas"],"_links":{"self":[{"href":"https:\/\/arquivosfutebolbrasil.com.br\/blog\/wp-json\/wp\/v2\/posts\/32129"}],"collection":[{"href":"https:\/\/arquivosfutebolbrasil.com.br\/blog\/wp-json\/wp\/v2\/posts"}],"about":[{"href":"https:\/\/arquivosfutebolbrasil.com.br\/blog\/wp-json\/wp\/v2\/types\/post"}],"author":[{"embeddable":true,"href":"https:\/\/arquivosfutebolbrasil.com.br\/blog\/wp-json\/wp\/v2\/users\/2"}],"replies":[{"embeddable":true,"href":"https:\/\/arquivosfutebolbrasil.com.br\/blog\/wp-json\/wp\/v2\/comments?post=32129"}],"version-history":[{"count":1,"href":"https:\/\/arquivosfutebolbrasil.com.br\/blog\/wp-json\/wp\/v2\/posts\/32129\/revisions"}],"predecessor-version":[{"id":32131,"href":"https:\/\/arquivosfutebolbrasil.com.br\/blog\/wp-json\/wp\/v2\/posts\/32129\/revisions\/32131"}],"wp:attachment":[{"href":"https:\/\/arquivosfutebolbrasil.com.br\/blog\/wp-json\/wp\/v2\/media?parent=32129"}],"wp:term":[{"taxonomy":"category","embeddable":true,"href":"https:\/\/arquivosfutebolbrasil.com.br\/blog\/wp-json\/wp\/v2\/categories?post=32129"},{"taxonomy":"post_tag","embeddable":true,"href":"https:\/\/arquivosfutebolbrasil.com.br\/blog\/wp-json\/wp\/v2\/tags?post=32129"}],"curies":[{"name":"wp","href":"https:\/\/api.w.org\/{rel}","templated":true}]}}