{"id":31849,"date":"2025-06-18T14:47:30","date_gmt":"2025-06-18T17:47:30","guid":{"rendered":"https:\/\/arquivosfutebolbrasil.com.br\/blog\/?p=31849"},"modified":"2025-06-18T14:47:31","modified_gmt":"2025-06-18T17:47:31","slug":"jogo-historico-guarany-rs-x-huracan-buceo-uruguai","status":"publish","type":"post","link":"https:\/\/arquivosfutebolbrasil.com.br\/blog\/2025\/06\/18\/jogo-historico-guarany-rs-x-huracan-buceo-uruguai\/","title":{"rendered":"Jogo Hist\u00f3rico &#8211; Guarany (RS) x Huracan Buceo (Uruguai)"},"content":{"rendered":"<div class=\"wp-block-image\">\n<figure class=\"aligncenter size-full\"><img loading=\"lazy\" decoding=\"async\" width=\"556\" height=\"448\" src=\"https:\/\/arquivosfutebolbrasil.com.br\/blog\/wp-content\/uploads\/2025\/06\/image-13.png\" alt=\"\" class=\"wp-image-31850\" srcset=\"https:\/\/arquivosfutebolbrasil.com.br\/blog\/wp-content\/uploads\/2025\/06\/image-13.png 556w, https:\/\/arquivosfutebolbrasil.com.br\/blog\/wp-content\/uploads\/2025\/06\/image-13-300x242.png 300w\" sizes=\"(max-width: 556px) 100vw, 556px\" \/><\/figure><\/div>\n\n\n<p><strong>CSD Huracan Buceo (Uruguai) 4&#215;3 Guarany FC (Bag\u00e9 &#8211; RS)<\/strong><br>Data: 03 de novembro de 1968<br>Local: Est\u00e1dio Centen\u00e1rio, em Montevideo &#8211; Uruguai<br>Car\u00e1ter: Amistoso Internacional<br>\u00c1rbitro: Nelson Teixeira<br>Gols: Oscar Guillen (2), Francisco Gomez, Jos\u00e9 Roberto, Carlinhos, Clovis Diaz Mendez e Machado<br>Huracan Buceo: Ricardo Montero, Hugo Conde e Francisco Gomez; Walter Fernandez, Victor Martinez e Guzman Martirena; Oscar Guillen, Ricardo Moran, Jorge Acu\u00f1a, Vito Fierro e Clovis Diaz Mendez (Luiz Martinez)<br>Guarany: Plinio, Danubio Camargo e Osmar Farias; Selman, Carlinhos e Mario Barbosa (Jos\u00e9 Roberto); Toninho Rosa, (Jos\u00e9 Roberto (Machado), Eder Torres (Ab\u00edlio), Amarante Lima e Saul Santos<\/p>\n\n\n\n<p>Fonte: Sergio Galvani<\/p>\n","protected":false},"excerpt":{"rendered":"<p>CSD Huracan Buceo (Uruguai) 4&#215;3 Guarany FC (Bag\u00e9 &#8211; RS)Data: 03 de novembro de 1968Local: Est\u00e1dio Centen\u00e1rio, em Montevideo &#8211; UruguaiCar\u00e1ter: Amistoso Internacional\u00c1rbitro: Nelson TeixeiraGols: Oscar Guillen (2), Francisco Gomez, Jos\u00e9 Roberto, Carlinhos, Clovis Diaz Mendez e MachadoHuracan Buceo: Ricardo Montero, Hugo Conde e Francisco Gomez; Walter Fernandez, Victor Martinez e Guzman Martirena; Oscar Guillen, [&hellip;]<\/p>\n","protected":false},"author":2,"featured_media":0,"comment_status":"closed","ping_status":"open","sticky":false,"template":"","format":"standard","meta":{"footnotes":""},"categories":[42,47,32],"tags":[],"class_list":["post-31849","post","type-post","status-publish","format-standard","hentry","category-jogos-amistosos-internacionais","category-jogos-historicos","category-rio-grande-do-sul"],"_links":{"self":[{"href":"https:\/\/arquivosfutebolbrasil.com.br\/blog\/wp-json\/wp\/v2\/posts\/31849"}],"collection":[{"href":"https:\/\/arquivosfutebolbrasil.com.br\/blog\/wp-json\/wp\/v2\/posts"}],"about":[{"href":"https:\/\/arquivosfutebolbrasil.com.br\/blog\/wp-json\/wp\/v2\/types\/post"}],"author":[{"embeddable":true,"href":"https:\/\/arquivosfutebolbrasil.com.br\/blog\/wp-json\/wp\/v2\/users\/2"}],"replies":[{"embeddable":true,"href":"https:\/\/arquivosfutebolbrasil.com.br\/blog\/wp-json\/wp\/v2\/comments?post=31849"}],"version-history":[{"count":1,"href":"https:\/\/arquivosfutebolbrasil.com.br\/blog\/wp-json\/wp\/v2\/posts\/31849\/revisions"}],"predecessor-version":[{"id":31851,"href":"https:\/\/arquivosfutebolbrasil.com.br\/blog\/wp-json\/wp\/v2\/posts\/31849\/revisions\/31851"}],"wp:attachment":[{"href":"https:\/\/arquivosfutebolbrasil.com.br\/blog\/wp-json\/wp\/v2\/media?parent=31849"}],"wp:term":[{"taxonomy":"category","embeddable":true,"href":"https:\/\/arquivosfutebolbrasil.com.br\/blog\/wp-json\/wp\/v2\/categories?post=31849"},{"taxonomy":"post_tag","embeddable":true,"href":"https:\/\/arquivosfutebolbrasil.com.br\/blog\/wp-json\/wp\/v2\/tags?post=31849"}],"curies":[{"name":"wp","href":"https:\/\/api.w.org\/{rel}","templated":true}]}}