{"id":31842,"date":"2025-06-19T19:54:51","date_gmt":"2025-06-19T22:54:51","guid":{"rendered":"https:\/\/arquivosfutebolbrasil.com.br\/blog\/?p=31842"},"modified":"2025-06-17T19:55:23","modified_gmt":"2025-06-17T22:55:23","slug":"jogo-historico-juventus-sc-x-prospera-sc","status":"publish","type":"post","link":"https:\/\/arquivosfutebolbrasil.com.br\/blog\/2025\/06\/19\/jogo-historico-juventus-sc-x-prospera-sc\/","title":{"rendered":"Jogo Hist\u00f3rico &#8211; Juventus (SC) x Pr\u00f3spera (SC)"},"content":{"rendered":"\n<p><strong>Juventus AC (Rio do Sul &#8211; SC) 1&#215;1 EC Pr\u00f3spera (Crici\u00fama &#8211; SC)<\/strong><br>Data: 14 de janeiro de 1973<br>Local: Rio do Sul &#8211; SC<br>Car\u00e1ter: Torneio Milton Lemos do Prado<br>\u00c1rbitro: Antonio Rog\u00e9rio Os\u00f3rio<br>Gols: Nei e Ad\u00e3ozinho<br>Juventus: Oneide, Manoel, Valdir, Paulo Santos e Baio; Paran\u00e1 e Orlando; Ad\u00e3ozinho, Taco, Luizinho e Toninho<br>Pr\u00f3spera: Alvim, Laranja, Roberto Silva, Valdemar e Deda; Hamilton e Nilton; Nei, Lucio, Oberdan (Reni) e Zezinho<\/p>\n\n\n\n<p>Fonte: Dejair Fernandes e Julio Bovi Diogo<\/p>\n","protected":false},"excerpt":{"rendered":"<p>Juventus AC (Rio do Sul &#8211; SC) 1&#215;1 EC Pr\u00f3spera (Crici\u00fama &#8211; SC)Data: 14 de janeiro de 1973Local: Rio do Sul &#8211; SCCar\u00e1ter: Torneio Milton Lemos do Prado\u00c1rbitro: Antonio Rog\u00e9rio Os\u00f3rioGols: Nei e Ad\u00e3ozinhoJuventus: Oneide, Manoel, Valdir, Paulo Santos e Baio; Paran\u00e1 e Orlando; Ad\u00e3ozinho, Taco, Luizinho e ToninhoPr\u00f3spera: Alvim, Laranja, Roberto Silva, Valdemar e [&hellip;]<\/p>\n","protected":false},"author":2,"featured_media":0,"comment_status":"closed","ping_status":"open","sticky":false,"template":"","format":"standard","meta":{"footnotes":""},"categories":[48,47,36],"tags":[],"class_list":["post-31842","post","type-post","status-publish","format-standard","hentry","category-campeonatos-historicos","category-jogos-historicos","category-santa-catarina"],"_links":{"self":[{"href":"https:\/\/arquivosfutebolbrasil.com.br\/blog\/wp-json\/wp\/v2\/posts\/31842"}],"collection":[{"href":"https:\/\/arquivosfutebolbrasil.com.br\/blog\/wp-json\/wp\/v2\/posts"}],"about":[{"href":"https:\/\/arquivosfutebolbrasil.com.br\/blog\/wp-json\/wp\/v2\/types\/post"}],"author":[{"embeddable":true,"href":"https:\/\/arquivosfutebolbrasil.com.br\/blog\/wp-json\/wp\/v2\/users\/2"}],"replies":[{"embeddable":true,"href":"https:\/\/arquivosfutebolbrasil.com.br\/blog\/wp-json\/wp\/v2\/comments?post=31842"}],"version-history":[{"count":1,"href":"https:\/\/arquivosfutebolbrasil.com.br\/blog\/wp-json\/wp\/v2\/posts\/31842\/revisions"}],"predecessor-version":[{"id":31843,"href":"https:\/\/arquivosfutebolbrasil.com.br\/blog\/wp-json\/wp\/v2\/posts\/31842\/revisions\/31843"}],"wp:attachment":[{"href":"https:\/\/arquivosfutebolbrasil.com.br\/blog\/wp-json\/wp\/v2\/media?parent=31842"}],"wp:term":[{"taxonomy":"category","embeddable":true,"href":"https:\/\/arquivosfutebolbrasil.com.br\/blog\/wp-json\/wp\/v2\/categories?post=31842"},{"taxonomy":"post_tag","embeddable":true,"href":"https:\/\/arquivosfutebolbrasil.com.br\/blog\/wp-json\/wp\/v2\/tags?post=31842"}],"curies":[{"name":"wp","href":"https:\/\/api.w.org\/{rel}","templated":true}]}}