{"id":31812,"date":"2025-06-24T11:16:57","date_gmt":"2025-06-24T14:16:57","guid":{"rendered":"https:\/\/arquivosfutebolbrasil.com.br\/blog\/?p=31812"},"modified":"2025-06-15T11:17:29","modified_gmt":"2025-06-15T14:17:29","slug":"jogo-historico-palmeiras-sc-x-guarany-sc","status":"publish","type":"post","link":"https:\/\/arquivosfutebolbrasil.com.br\/blog\/2025\/06\/24\/jogo-historico-palmeiras-sc-x-guarany-sc\/","title":{"rendered":"Jogo Hist\u00f3rico &#8211; Palmeiras (SC) x Guarany (SC)"},"content":{"rendered":"\n<p><strong>Palmeiras EC (Blumenau &#8211; SC) 1&#215;1 GA Guarany (Lages &#8211; SC)<\/strong><br>Data: 03 de julho de 1966<br>Local: Blumenau &#8211; SC<br>Car\u00e1ter: Campeonato Catarinense &#8211; 1966<br>\u00c1rbitro: Jair de Souza<br>Gols: Chiquinho e Bossinha<br>Palmeiras: Osires, Ad\u00e3o, Roberto, Beto e Edgar; Clodoaldo e Gentil; Zinho, Dico, Vado e Bossinha<br>Guarany: Henrique, Cadunga, Souza, Dante e Car\u00e3o; Ari e Maneca; Chiquinho, Zeca, A\u00e9cio e Mendes (Carioca)<\/p>\n\n\n\n<p>Fonte: Dejair Fernandes e Julio Bovi Diogo<\/p>\n","protected":false},"excerpt":{"rendered":"<p>Palmeiras EC (Blumenau &#8211; SC) 1&#215;1 GA Guarany (Lages &#8211; SC)Data: 03 de julho de 1966Local: Blumenau &#8211; SCCar\u00e1ter: Campeonato Catarinense &#8211; 1966\u00c1rbitro: Jair de SouzaGols: Chiquinho e BossinhaPalmeiras: Osires, Ad\u00e3o, Roberto, Beto e Edgar; Clodoaldo e Gentil; Zinho, Dico, Vado e BossinhaGuarany: Henrique, Cadunga, Souza, Dante e Car\u00e3o; Ari e Maneca; Chiquinho, Zeca, A\u00e9cio [&hellip;]<\/p>\n","protected":false},"author":2,"featured_media":0,"comment_status":"closed","ping_status":"open","sticky":false,"template":"","format":"standard","meta":{"footnotes":""},"categories":[48,47,36],"tags":[],"class_list":["post-31812","post","type-post","status-publish","format-standard","hentry","category-campeonatos-historicos","category-jogos-historicos","category-santa-catarina"],"_links":{"self":[{"href":"https:\/\/arquivosfutebolbrasil.com.br\/blog\/wp-json\/wp\/v2\/posts\/31812"}],"collection":[{"href":"https:\/\/arquivosfutebolbrasil.com.br\/blog\/wp-json\/wp\/v2\/posts"}],"about":[{"href":"https:\/\/arquivosfutebolbrasil.com.br\/blog\/wp-json\/wp\/v2\/types\/post"}],"author":[{"embeddable":true,"href":"https:\/\/arquivosfutebolbrasil.com.br\/blog\/wp-json\/wp\/v2\/users\/2"}],"replies":[{"embeddable":true,"href":"https:\/\/arquivosfutebolbrasil.com.br\/blog\/wp-json\/wp\/v2\/comments?post=31812"}],"version-history":[{"count":1,"href":"https:\/\/arquivosfutebolbrasil.com.br\/blog\/wp-json\/wp\/v2\/posts\/31812\/revisions"}],"predecessor-version":[{"id":31813,"href":"https:\/\/arquivosfutebolbrasil.com.br\/blog\/wp-json\/wp\/v2\/posts\/31812\/revisions\/31813"}],"wp:attachment":[{"href":"https:\/\/arquivosfutebolbrasil.com.br\/blog\/wp-json\/wp\/v2\/media?parent=31812"}],"wp:term":[{"taxonomy":"category","embeddable":true,"href":"https:\/\/arquivosfutebolbrasil.com.br\/blog\/wp-json\/wp\/v2\/categories?post=31812"},{"taxonomy":"post_tag","embeddable":true,"href":"https:\/\/arquivosfutebolbrasil.com.br\/blog\/wp-json\/wp\/v2\/tags?post=31812"}],"curies":[{"name":"wp","href":"https:\/\/api.w.org\/{rel}","templated":true}]}}