{"id":31713,"date":"2025-05-26T21:13:36","date_gmt":"2025-05-27T00:13:36","guid":{"rendered":"https:\/\/arquivosfutebolbrasil.com.br\/blog\/?p=31713"},"modified":"2025-05-26T21:13:36","modified_gmt":"2025-05-27T00:13:36","slug":"gremio-desportivo-combatentes-belem-pa-temporada-oficial-de-1968","status":"publish","type":"post","link":"https:\/\/arquivosfutebolbrasil.com.br\/blog\/2025\/05\/26\/gremio-desportivo-combatentes-belem-pa-temporada-oficial-de-1968\/","title":{"rendered":"Gr\u00eamio Desportivo Combatentes (Bel\u00e9m \u2013 PA) \u2013 Temporada Oficial de 1968"},"content":{"rendered":"<div class=\"wp-block-image\">\n<figure class=\"aligncenter size-full\"><img loading=\"lazy\" decoding=\"async\" width=\"851\" height=\"560\" src=\"https:\/\/arquivosfutebolbrasil.com.br\/blog\/wp-content\/uploads\/2025\/05\/image-30.png\" alt=\"\" class=\"wp-image-31714\" srcset=\"https:\/\/arquivosfutebolbrasil.com.br\/blog\/wp-content\/uploads\/2025\/05\/image-30.png 851w, https:\/\/arquivosfutebolbrasil.com.br\/blog\/wp-content\/uploads\/2025\/05\/image-30-300x197.png 300w, https:\/\/arquivosfutebolbrasil.com.br\/blog\/wp-content\/uploads\/2025\/05\/image-30-768x505.png 768w, https:\/\/arquivosfutebolbrasil.com.br\/blog\/wp-content\/uploads\/2025\/05\/image-30-624x411.png 624w\" sizes=\"(max-width: 851px) 100vw, 851px\" \/><\/figure><\/div>\n\n\n<p>Combatentes 4&#215;2 Sacramenta (Bel\u00e9m &#8211; PA)<br>Data: 20 de mar\u00e7o de 1968<br>Local: Bel\u00e9m &#8211; PA<br>Car\u00e1ter: Campeonato Paraense &#8211; 1968<\/p>\n\n\n\n<p>Combatentes 1&#215;4 Remo (Bel\u00e9m &#8211; PA)<br>Data: 27 de mar\u00e7o de 1968<br>Local: Bel\u00e9m &#8211; PA<br>Car\u00e1ter: Campeonato Paraense &#8211; 1968<\/p>\n\n\n\n<p>Combatentes 2&#215;1 Paysandu (Bel\u00e9m &#8211; PA)<br>Data: 10 de abril de 1968<br>Local: Bel\u00e9m &#8211; PA<br>Car\u00e1ter: Campeonato Paraense &#8211; 1968<\/p>\n\n\n\n<p>Combatentes 2&#215;1 Tuna Luso (Bel\u00e9m &#8211; PA)<br>Data: 21 de abril de 1968<br>Local: Bel\u00e9m &#8211; PA<br>Car\u00e1ter: Campeonato Paraense &#8211; 1968<\/p>\n\n\n\n<p>Combatentes 1&#215;1 Sport Bel\u00e9m (Bel\u00e9m &#8211; PA)<br>Data: 30 de abril de 1968<br>Local: Bel\u00e9m &#8211; PA<br>Car\u00e1ter: Campeonato Paraense &#8211; 1968<\/p>\n\n\n\n<p>Combatentes 0x3 Remo (Bel\u00e9m &#8211; PA)<br>Data: 19 de maio de 1968<br>Local: Bel\u00e9m &#8211; PA<br>Car\u00e1ter: Campeonato Paraense &#8211; 1968<\/p>\n\n\n\n<p>Combatentes 1&#215;1 Sport Bel\u00e9m (Bel\u00e9m &#8211; PA)<br>Data: 02 de junho de 1968<br>Local: Bel\u00e9m &#8211; PA<br>Car\u00e1ter: Campeonato Paraense &#8211; 1968<\/p>\n\n\n\n<p>Combatentes 2&#215;0 Sacramenta (Bel\u00e9m &#8211; PA)<br>Data: 13 de junho de 1968<br>Local: Bel\u00e9m &#8211; PA<br>Car\u00e1ter: Campeonato Paraense &#8211; 1968<\/p>\n\n\n\n<p>Combatentes 0x0 Paysandu (Bel\u00e9m &#8211; PA)<br>Data: 30 de junho de 1968<br>Local: Bel\u00e9m &#8211; PA<br>Car\u00e1ter: Campeonato Paraense &#8211; 1968<\/p>\n\n\n\n<p>Combatentes 1&#215;4 Tuna Luso (Bel\u00e9m &#8211; PA)<br>Data: 07 de julho de 1968<br>Local: Bel\u00e9m &#8211; PA<br>Car\u00e1ter: Campeonato Paraense &#8211; 1968<\/p>\n\n\n\n<p>Fonte: Julio Bovi Diogo<\/p>\n","protected":false},"excerpt":{"rendered":"<p>Combatentes 4&#215;2 Sacramenta (Bel\u00e9m &#8211; PA)Data: 20 de mar\u00e7o de 1968Local: Bel\u00e9m &#8211; PACar\u00e1ter: Campeonato Paraense &#8211; 1968 Combatentes 1&#215;4 Remo (Bel\u00e9m &#8211; PA)Data: 27 de mar\u00e7o de 1968Local: Bel\u00e9m &#8211; PACar\u00e1ter: Campeonato Paraense &#8211; 1968 Combatentes 2&#215;1 Paysandu (Bel\u00e9m &#8211; PA)Data: 10 de abril de 1968Local: Bel\u00e9m &#8211; PACar\u00e1ter: Campeonato Paraense &#8211; 1968 Combatentes [&hellip;]<\/p>\n","protected":false},"author":2,"featured_media":0,"comment_status":"closed","ping_status":"open","sticky":false,"template":"","format":"standard","meta":{"footnotes":""},"categories":[48,54,47,24,57],"tags":[],"class_list":["post-31713","post","type-post","status-publish","format-standard","hentry","category-campeonatos-historicos","category-fotos-historicas","category-jogos-historicos","category-para","category-temporadas"],"_links":{"self":[{"href":"https:\/\/arquivosfutebolbrasil.com.br\/blog\/wp-json\/wp\/v2\/posts\/31713"}],"collection":[{"href":"https:\/\/arquivosfutebolbrasil.com.br\/blog\/wp-json\/wp\/v2\/posts"}],"about":[{"href":"https:\/\/arquivosfutebolbrasil.com.br\/blog\/wp-json\/wp\/v2\/types\/post"}],"author":[{"embeddable":true,"href":"https:\/\/arquivosfutebolbrasil.com.br\/blog\/wp-json\/wp\/v2\/users\/2"}],"replies":[{"embeddable":true,"href":"https:\/\/arquivosfutebolbrasil.com.br\/blog\/wp-json\/wp\/v2\/comments?post=31713"}],"version-history":[{"count":1,"href":"https:\/\/arquivosfutebolbrasil.com.br\/blog\/wp-json\/wp\/v2\/posts\/31713\/revisions"}],"predecessor-version":[{"id":31715,"href":"https:\/\/arquivosfutebolbrasil.com.br\/blog\/wp-json\/wp\/v2\/posts\/31713\/revisions\/31715"}],"wp:attachment":[{"href":"https:\/\/arquivosfutebolbrasil.com.br\/blog\/wp-json\/wp\/v2\/media?parent=31713"}],"wp:term":[{"taxonomy":"category","embeddable":true,"href":"https:\/\/arquivosfutebolbrasil.com.br\/blog\/wp-json\/wp\/v2\/categories?post=31713"},{"taxonomy":"post_tag","embeddable":true,"href":"https:\/\/arquivosfutebolbrasil.com.br\/blog\/wp-json\/wp\/v2\/tags?post=31713"}],"curies":[{"name":"wp","href":"https:\/\/api.w.org\/{rel}","templated":true}]}}