{"id":31605,"date":"2025-05-12T17:16:08","date_gmt":"2025-05-12T20:16:08","guid":{"rendered":"https:\/\/arquivosfutebolbrasil.com.br\/blog\/?p=31605"},"modified":"2025-05-08T17:16:42","modified_gmt":"2025-05-08T20:16:42","slug":"jogo-historico-coritiba-pr-x-savoia-pr","status":"publish","type":"post","link":"https:\/\/arquivosfutebolbrasil.com.br\/blog\/2025\/05\/12\/jogo-historico-coritiba-pr-x-savoia-pr\/","title":{"rendered":"Jogo Hist\u00f3rico &#8211; Coritiba (PR) x Sav\u00f3ia (PR)"},"content":{"rendered":"\n<p><strong>Coritiba FC (Curitiba &#8211; PR) 9&#215;0 Sav\u00f3ia FC (Curitiba &#8211; PR)<\/strong><br>Data: 02.01.1927<br>Local: Campo da Graciosa, em Curitiba &#8211; PR<br>Car\u00e1ter: Campeonato Paranaense &#8211; 1926<br>\u00c1rbitro: Moacyr Gon\u00e7alves<br>Gols: Perin (3), Staco (3), Beb\u00ea, Espoleta e Ninho<br>Coritiba: Egg; Cuka e Pizzatto; Rigolino, Luiz e Corru\u00edra; Perin, Beb\u00ea, Ninho, Staco e Espoleta<br>Sav\u00f3ia: Alberto; Tony e Piero; Orlando, Carnieri e Schultz; Merlin III, Henrique, Em\u00edlio, Merlin e Albino<\/p>\n\n\n\n<p>Fonte: Julio Bovi Diogo<\/p>\n","protected":false},"excerpt":{"rendered":"<p>Coritiba FC (Curitiba &#8211; PR) 9&#215;0 Sav\u00f3ia FC (Curitiba &#8211; PR)Data: 02.01.1927Local: Campo da Graciosa, em Curitiba &#8211; PRCar\u00e1ter: Campeonato Paranaense &#8211; 1926\u00c1rbitro: Moacyr Gon\u00e7alvesGols: Perin (3), Staco (3), Beb\u00ea, Espoleta e NinhoCoritiba: Egg; Cuka e Pizzatto; Rigolino, Luiz e Corru\u00edra; Perin, Beb\u00ea, Ninho, Staco e EspoletaSav\u00f3ia: Alberto; Tony e Piero; Orlando, Carnieri e Schultz; [&hellip;]<\/p>\n","protected":false},"author":2,"featured_media":0,"comment_status":"closed","ping_status":"open","sticky":false,"template":"","format":"standard","meta":{"footnotes":""},"categories":[48,53,47,25],"tags":[],"class_list":["post-31605","post","type-post","status-publish","format-standard","hentry","category-campeonatos-historicos","category-grandes-goleadas","category-jogos-historicos","category-parana"],"_links":{"self":[{"href":"https:\/\/arquivosfutebolbrasil.com.br\/blog\/wp-json\/wp\/v2\/posts\/31605"}],"collection":[{"href":"https:\/\/arquivosfutebolbrasil.com.br\/blog\/wp-json\/wp\/v2\/posts"}],"about":[{"href":"https:\/\/arquivosfutebolbrasil.com.br\/blog\/wp-json\/wp\/v2\/types\/post"}],"author":[{"embeddable":true,"href":"https:\/\/arquivosfutebolbrasil.com.br\/blog\/wp-json\/wp\/v2\/users\/2"}],"replies":[{"embeddable":true,"href":"https:\/\/arquivosfutebolbrasil.com.br\/blog\/wp-json\/wp\/v2\/comments?post=31605"}],"version-history":[{"count":1,"href":"https:\/\/arquivosfutebolbrasil.com.br\/blog\/wp-json\/wp\/v2\/posts\/31605\/revisions"}],"predecessor-version":[{"id":31606,"href":"https:\/\/arquivosfutebolbrasil.com.br\/blog\/wp-json\/wp\/v2\/posts\/31605\/revisions\/31606"}],"wp:attachment":[{"href":"https:\/\/arquivosfutebolbrasil.com.br\/blog\/wp-json\/wp\/v2\/media?parent=31605"}],"wp:term":[{"taxonomy":"category","embeddable":true,"href":"https:\/\/arquivosfutebolbrasil.com.br\/blog\/wp-json\/wp\/v2\/categories?post=31605"},{"taxonomy":"post_tag","embeddable":true,"href":"https:\/\/arquivosfutebolbrasil.com.br\/blog\/wp-json\/wp\/v2\/tags?post=31605"}],"curies":[{"name":"wp","href":"https:\/\/api.w.org\/{rel}","templated":true}]}}