{"id":30781,"date":"2024-07-19T15:06:31","date_gmt":"2024-07-19T18:06:31","guid":{"rendered":"https:\/\/arquivosfutebolbrasil.com.br\/blog\/?p=30781"},"modified":"2024-07-15T15:09:24","modified_gmt":"2024-07-15T18:09:24","slug":"jogo-historico-bonsucesso-rj-x-fuzileiros-navais-rj","status":"publish","type":"post","link":"https:\/\/arquivosfutebolbrasil.com.br\/blog\/2024\/07\/19\/jogo-historico-bonsucesso-rj-x-fuzileiros-navais-rj\/","title":{"rendered":"Jogo Hist\u00f3rico &#8211; Bonsucesso (RJ) x Fuzileiros Navais (RJ)"},"content":{"rendered":"\n<p><strong>Bonsucesso FC (Rio de Janeiro &#8211; RJ) 4&#215;0 Fuzileiros Navais (Rio de Janeiro &#8211; RJ)<\/strong><br>Data: 17 de maio de 1936<br>Local: Campos Sales, no Rio de Janeiro &#8211; RJ<br>Car\u00e1ter: Torneio Aberto Carioca &#8211; 1936<br>\u00c1rbitro: Minotti Cataldo<br>Gols: Gradim (3) e Nelson<br>Bonsucesso: Durval, Ign\u00e1cio e Raymundo; Sylvio, Hermes e Claudionor; Nelson, Jacy, Gradim, Emiliano e Ara\u00fajo<br>Fuzileiros Navais: Ov\u00eddio (Chic\u00e3o), Afonso e Otoniel; Aristoc\u00edlio, Jocelyno e Salvador; Humberto, Carlos, Jo\u00e3o, Ferreira e M\u00e1rio<\/p>\n\n\n\n<p>Fonte: Julio Bovi Diogo<\/p>\n","protected":false},"excerpt":{"rendered":"<p>Bonsucesso FC (Rio de Janeiro &#8211; RJ) 4&#215;0 Fuzileiros Navais (Rio de Janeiro &#8211; RJ)Data: 17 de maio de 1936Local: Campos Sales, no Rio de Janeiro &#8211; RJCar\u00e1ter: Torneio Aberto Carioca &#8211; 1936\u00c1rbitro: Minotti CataldoGols: Gradim (3) e NelsonBonsucesso: Durval, Ign\u00e1cio e Raymundo; Sylvio, Hermes e Claudionor; Nelson, Jacy, Gradim, Emiliano e Ara\u00fajoFuzileiros Navais: Ov\u00eddio [&hellip;]<\/p>\n","protected":false},"author":2,"featured_media":0,"comment_status":"open","ping_status":"open","sticky":false,"template":"","format":"standard","meta":{"footnotes":""},"categories":[48,47,29],"tags":[],"class_list":["post-30781","post","type-post","status-publish","format-standard","hentry","category-campeonatos-historicos","category-jogos-historicos","category-rio-de-janeiro"],"_links":{"self":[{"href":"https:\/\/arquivosfutebolbrasil.com.br\/blog\/wp-json\/wp\/v2\/posts\/30781"}],"collection":[{"href":"https:\/\/arquivosfutebolbrasil.com.br\/blog\/wp-json\/wp\/v2\/posts"}],"about":[{"href":"https:\/\/arquivosfutebolbrasil.com.br\/blog\/wp-json\/wp\/v2\/types\/post"}],"author":[{"embeddable":true,"href":"https:\/\/arquivosfutebolbrasil.com.br\/blog\/wp-json\/wp\/v2\/users\/2"}],"replies":[{"embeddable":true,"href":"https:\/\/arquivosfutebolbrasil.com.br\/blog\/wp-json\/wp\/v2\/comments?post=30781"}],"version-history":[{"count":2,"href":"https:\/\/arquivosfutebolbrasil.com.br\/blog\/wp-json\/wp\/v2\/posts\/30781\/revisions"}],"predecessor-version":[{"id":30785,"href":"https:\/\/arquivosfutebolbrasil.com.br\/blog\/wp-json\/wp\/v2\/posts\/30781\/revisions\/30785"}],"wp:attachment":[{"href":"https:\/\/arquivosfutebolbrasil.com.br\/blog\/wp-json\/wp\/v2\/media?parent=30781"}],"wp:term":[{"taxonomy":"category","embeddable":true,"href":"https:\/\/arquivosfutebolbrasil.com.br\/blog\/wp-json\/wp\/v2\/categories?post=30781"},{"taxonomy":"post_tag","embeddable":true,"href":"https:\/\/arquivosfutebolbrasil.com.br\/blog\/wp-json\/wp\/v2\/tags?post=30781"}],"curies":[{"name":"wp","href":"https:\/\/api.w.org\/{rel}","templated":true}]}}