{"id":30726,"date":"2024-06-15T07:08:51","date_gmt":"2024-06-15T10:08:51","guid":{"rendered":"https:\/\/arquivosfutebolbrasil.com.br\/blog\/?p=30726"},"modified":"2024-06-14T07:09:22","modified_gmt":"2024-06-14T10:09:22","slug":"jogo-historico-cotinguiba-se-x-passagem-se","status":"publish","type":"post","link":"https:\/\/arquivosfutebolbrasil.com.br\/blog\/2024\/06\/15\/jogo-historico-cotinguiba-se-x-passagem-se\/","title":{"rendered":"Jogo Hist\u00f3rico &#8211; Cotinguiba (SE) x Passagem (SE)"},"content":{"rendered":"\n<p><strong>Cotinguiba EC (Aracaju &#8211; SE) 4&#215;0 Passagem EC (Ne\u00f3polis &#8211; SE)<\/strong><br>Data: 30 de setembro de 1962<br>Local: Aracaju &#8211; SE<br>Car\u00e1ter: Campeonato Sergipano &#8211; 1962<br>\u00c1rbitro: Pedro Bonfim<br>Gols: Duda, Fernando, Quel e Carlos<br>Cotinguiba: Garla, Adnol, Quel, Estombinho e Isnaldo; Roberto e Carlos; D\u00fa, Fernando, Duda e Wellington<br>Passagem: Lessa, Batista, Lau, Lula e Aranha; Mazinho (Milton) e Cebinha; Marinho, Machado, Vav\u00e1 e Canhoto<\/p>\n\n\n\n<p>Fonte: Julio Bovi Diogo<\/p>\n","protected":false},"excerpt":{"rendered":"<p>Cotinguiba EC (Aracaju &#8211; SE) 4&#215;0 Passagem EC (Ne\u00f3polis &#8211; SE)Data: 30 de setembro de 1962Local: Aracaju &#8211; SECar\u00e1ter: Campeonato Sergipano &#8211; 1962\u00c1rbitro: Pedro BonfimGols: Duda, Fernando, Quel e CarlosCotinguiba: Garla, Adnol, Quel, Estombinho e Isnaldo; Roberto e Carlos; D\u00fa, Fernando, Duda e WellingtonPassagem: Lessa, Batista, Lau, Lula e Aranha; Mazinho (Milton) e Cebinha; Marinho, [&hellip;]<\/p>\n","protected":false},"author":2,"featured_media":0,"comment_status":"open","ping_status":"open","sticky":false,"template":"","format":"standard","meta":{"footnotes":""},"categories":[48,47,37],"tags":[],"class_list":["post-30726","post","type-post","status-publish","format-standard","hentry","category-campeonatos-historicos","category-jogos-historicos","category-sergipe"],"_links":{"self":[{"href":"https:\/\/arquivosfutebolbrasil.com.br\/blog\/wp-json\/wp\/v2\/posts\/30726"}],"collection":[{"href":"https:\/\/arquivosfutebolbrasil.com.br\/blog\/wp-json\/wp\/v2\/posts"}],"about":[{"href":"https:\/\/arquivosfutebolbrasil.com.br\/blog\/wp-json\/wp\/v2\/types\/post"}],"author":[{"embeddable":true,"href":"https:\/\/arquivosfutebolbrasil.com.br\/blog\/wp-json\/wp\/v2\/users\/2"}],"replies":[{"embeddable":true,"href":"https:\/\/arquivosfutebolbrasil.com.br\/blog\/wp-json\/wp\/v2\/comments?post=30726"}],"version-history":[{"count":1,"href":"https:\/\/arquivosfutebolbrasil.com.br\/blog\/wp-json\/wp\/v2\/posts\/30726\/revisions"}],"predecessor-version":[{"id":30727,"href":"https:\/\/arquivosfutebolbrasil.com.br\/blog\/wp-json\/wp\/v2\/posts\/30726\/revisions\/30727"}],"wp:attachment":[{"href":"https:\/\/arquivosfutebolbrasil.com.br\/blog\/wp-json\/wp\/v2\/media?parent=30726"}],"wp:term":[{"taxonomy":"category","embeddable":true,"href":"https:\/\/arquivosfutebolbrasil.com.br\/blog\/wp-json\/wp\/v2\/categories?post=30726"},{"taxonomy":"post_tag","embeddable":true,"href":"https:\/\/arquivosfutebolbrasil.com.br\/blog\/wp-json\/wp\/v2\/tags?post=30726"}],"curies":[{"name":"wp","href":"https:\/\/api.w.org\/{rel}","templated":true}]}}