{"id":30578,"date":"2024-05-26T16:47:29","date_gmt":"2024-05-26T19:47:29","guid":{"rendered":"https:\/\/arquivosfutebolbrasil.com.br\/blog\/?p=30578"},"modified":"2024-05-26T16:48:23","modified_gmt":"2024-05-26T19:48:23","slug":"jogo-historico-remo-pa-x-combatentes-pa","status":"publish","type":"post","link":"https:\/\/arquivosfutebolbrasil.com.br\/blog\/2024\/05\/26\/jogo-historico-remo-pa-x-combatentes-pa\/","title":{"rendered":"Jogo Hist\u00f3rico &#8211; Remo (PA) x Combatentes (PA)"},"content":{"rendered":"\n<p><strong>Clube do Remo (Bel\u00e9m &#8211; PA) 2&#215;1 GD Combatentes (Bel\u00e9m &#8211; PA)<\/strong><br>Data: 07 de fevereiro de 1965<br>Local: Bel\u00e9m &#8211; PA<br>Car\u00e1ter: Campeonato Paraense &#8211; 1964<br>\u00c1rbitro: Louralber Monteiro<br>Gols: Zequinha, Jasper e Valmir<br>Remo: Fran\u00e7ois, Ribeiro, Soror\u00f3, Casemiro e Edilson; Z\u00e9 Lu\u00eds e Quibinha; Z\u00e9 Il\u00eddio (Amauri), Valmir, Zequinha e Chaminha<br>Combatentes: Altemir, Delson, J. Alves, Caramuru e Chaves; Guaraci e Amaral; Jasper, An\u00e9lio, Santos e Adinamar<\/p>\n\n\n\n<p>Fonte: Julio Bovi Diogo<\/p>\n","protected":false},"excerpt":{"rendered":"<p>Clube do Remo (Bel\u00e9m &#8211; PA) 2&#215;1 GD Combatentes (Bel\u00e9m &#8211; PA)Data: 07 de fevereiro de 1965Local: Bel\u00e9m &#8211; PACar\u00e1ter: Campeonato Paraense &#8211; 1964\u00c1rbitro: Louralber MonteiroGols: Zequinha, Jasper e ValmirRemo: Fran\u00e7ois, Ribeiro, Soror\u00f3, Casemiro e Edilson; Z\u00e9 Lu\u00eds e Quibinha; Z\u00e9 Il\u00eddio (Amauri), Valmir, Zequinha e ChaminhaCombatentes: Altemir, Delson, J. Alves, Caramuru e Chaves; Guaraci [&hellip;]<\/p>\n","protected":false},"author":2,"featured_media":0,"comment_status":"open","ping_status":"open","sticky":false,"template":"","format":"standard","meta":{"footnotes":""},"categories":[48,47,24],"tags":[],"class_list":["post-30578","post","type-post","status-publish","format-standard","hentry","category-campeonatos-historicos","category-jogos-historicos","category-para"],"_links":{"self":[{"href":"https:\/\/arquivosfutebolbrasil.com.br\/blog\/wp-json\/wp\/v2\/posts\/30578"}],"collection":[{"href":"https:\/\/arquivosfutebolbrasil.com.br\/blog\/wp-json\/wp\/v2\/posts"}],"about":[{"href":"https:\/\/arquivosfutebolbrasil.com.br\/blog\/wp-json\/wp\/v2\/types\/post"}],"author":[{"embeddable":true,"href":"https:\/\/arquivosfutebolbrasil.com.br\/blog\/wp-json\/wp\/v2\/users\/2"}],"replies":[{"embeddable":true,"href":"https:\/\/arquivosfutebolbrasil.com.br\/blog\/wp-json\/wp\/v2\/comments?post=30578"}],"version-history":[{"count":2,"href":"https:\/\/arquivosfutebolbrasil.com.br\/blog\/wp-json\/wp\/v2\/posts\/30578\/revisions"}],"predecessor-version":[{"id":30580,"href":"https:\/\/arquivosfutebolbrasil.com.br\/blog\/wp-json\/wp\/v2\/posts\/30578\/revisions\/30580"}],"wp:attachment":[{"href":"https:\/\/arquivosfutebolbrasil.com.br\/blog\/wp-json\/wp\/v2\/media?parent=30578"}],"wp:term":[{"taxonomy":"category","embeddable":true,"href":"https:\/\/arquivosfutebolbrasil.com.br\/blog\/wp-json\/wp\/v2\/categories?post=30578"},{"taxonomy":"post_tag","embeddable":true,"href":"https:\/\/arquivosfutebolbrasil.com.br\/blog\/wp-json\/wp\/v2\/tags?post=30578"}],"curies":[{"name":"wp","href":"https:\/\/api.w.org\/{rel}","templated":true}]}}