{"id":30331,"date":"2024-05-07T19:14:56","date_gmt":"2024-05-07T22:14:56","guid":{"rendered":"https:\/\/arquivosfutebolbrasil.com.br\/blog\/?p=30331"},"modified":"2024-05-08T17:58:00","modified_gmt":"2024-05-08T20:58:00","slug":"o-independente-atletico-clube-santana-sp-no-futebol-profissional-paulista-1962","status":"publish","type":"post","link":"https:\/\/arquivosfutebolbrasil.com.br\/blog\/2024\/05\/07\/o-independente-atletico-clube-santana-sp-no-futebol-profissional-paulista-1962\/","title":{"rendered":"O Ipiranga Atl\u00e9tico Clube (Santana &#8211; SP) no Futebol Profissional Paulista &#8211; 1962"},"content":{"rendered":"<div class=\"wp-block-image\">\n<figure class=\"aligncenter size-full is-resized\"><img loading=\"lazy\" decoding=\"async\" width=\"569\" height=\"607\" src=\"https:\/\/arquivosfutebolbrasil.com.br\/blog\/wp-content\/uploads\/2024\/05\/image-23.png\" alt=\"\" class=\"wp-image-30332\" style=\"width:150px;height:auto\" srcset=\"https:\/\/arquivosfutebolbrasil.com.br\/blog\/wp-content\/uploads\/2024\/05\/image-23.png 569w, https:\/\/arquivosfutebolbrasil.com.br\/blog\/wp-content\/uploads\/2024\/05\/image-23-281x300.png 281w\" sizes=\"(max-width: 569px) 100vw, 569px\" \/><\/figure><\/div>\n\n\n<p>O Ipiranga Atl\u00e9tico Clube de Santana, foi fundado em 06 de maio de 1944 nas cores vermelho\/preto\/branco. Teve uma participa\u00e7\u00e3o na 3\u00aa Divis\u00e3o de Profissionais de S\u00e3o Paulo, fazendo uma campanha irregular e n\u00e3o se classificando para a fase seguinte. Abaixo sua trajet\u00f3ria nesta competi\u00e7\u00e3o:<\/p>\n\n\n\n<p><strong>Campeonato Paulista &#8211; 3\u00aa Divis\u00e3o &#8211; 1962<\/strong><\/p>\n\n\n\n<p>16.09.1962<br>Ipiranga 3&#215;3 S\u00e3o Miguel (S\u00e3o Miguel Arcanjo &#8211; SP), em Cap\u00e3o Bonito &#8211; SP<br>23.09.1962<br>Ipiranga 1&#215;2 Santana (Itapeva &#8211; SP), em Itapeva &#8211; SP<br>30.09.1962<br>Ipiranga 1&#215;5 Fronteira (Itarar\u00e9 &#8211; SP), em Itarar\u00e9 &#8211; SP<br>14.10.1962<br>Ipiranga 3&#215;2 S\u00e3o Mateus (Itapeva &#8211; SP), em Cap\u00e3o Bonito &#8211; SP<br>15.11.1962<br>Ipiranga 2&#215;1 Santana (Itapeva &#8211; SP), em Cap\u00e3o Bonito &#8211; SP<br>18.11.1962<br>Ipiranga 1&#215;2 S\u00e3o Miguel (S\u00e3o Miguel Arcanjo &#8211; SP), em S\u00e3o Miguel Arcanjo &#8211; SP<br>25.11.1962<br>Ipiranga 5&#215;1 Fronteira (Itarar\u00e9 &#8211; SP), em Cap\u00e3o Bonito &#8211; SP<br>02.12.1962<br>Ipiranga 0x7 S\u00e3o Mateus (Itapeva &#8211; SP), em Itapeva &#8211; SP<\/p>\n\n\n\n<p>Fonte: Julio Bovi Diogo<\/p>\n","protected":false},"excerpt":{"rendered":"<p>O Ipiranga Atl\u00e9tico Clube de Santana, foi fundado em 06 de maio de 1944 nas cores vermelho\/preto\/branco. Teve uma participa\u00e7\u00e3o na 3\u00aa Divis\u00e3o de Profissionais de S\u00e3o Paulo, fazendo uma campanha irregular e n\u00e3o se classificando para a fase seguinte. Abaixo sua trajet\u00f3ria nesta competi\u00e7\u00e3o: Campeonato Paulista &#8211; 3\u00aa Divis\u00e3o &#8211; 1962 16.09.1962Ipiranga 3&#215;3 S\u00e3o [&hellip;]<\/p>\n","protected":false},"author":2,"featured_media":0,"comment_status":"open","ping_status":"open","sticky":false,"template":"","format":"standard","meta":{"footnotes":""},"categories":[48,47,35,57],"tags":[],"class_list":["post-30331","post","type-post","status-publish","format-standard","hentry","category-campeonatos-historicos","category-jogos-historicos","category-sao-paulo","category-temporadas"],"_links":{"self":[{"href":"https:\/\/arquivosfutebolbrasil.com.br\/blog\/wp-json\/wp\/v2\/posts\/30331"}],"collection":[{"href":"https:\/\/arquivosfutebolbrasil.com.br\/blog\/wp-json\/wp\/v2\/posts"}],"about":[{"href":"https:\/\/arquivosfutebolbrasil.com.br\/blog\/wp-json\/wp\/v2\/types\/post"}],"author":[{"embeddable":true,"href":"https:\/\/arquivosfutebolbrasil.com.br\/blog\/wp-json\/wp\/v2\/users\/2"}],"replies":[{"embeddable":true,"href":"https:\/\/arquivosfutebolbrasil.com.br\/blog\/wp-json\/wp\/v2\/comments?post=30331"}],"version-history":[{"count":3,"href":"https:\/\/arquivosfutebolbrasil.com.br\/blog\/wp-json\/wp\/v2\/posts\/30331\/revisions"}],"predecessor-version":[{"id":30355,"href":"https:\/\/arquivosfutebolbrasil.com.br\/blog\/wp-json\/wp\/v2\/posts\/30331\/revisions\/30355"}],"wp:attachment":[{"href":"https:\/\/arquivosfutebolbrasil.com.br\/blog\/wp-json\/wp\/v2\/media?parent=30331"}],"wp:term":[{"taxonomy":"category","embeddable":true,"href":"https:\/\/arquivosfutebolbrasil.com.br\/blog\/wp-json\/wp\/v2\/categories?post=30331"},{"taxonomy":"post_tag","embeddable":true,"href":"https:\/\/arquivosfutebolbrasil.com.br\/blog\/wp-json\/wp\/v2\/tags?post=30331"}],"curies":[{"name":"wp","href":"https:\/\/api.w.org\/{rel}","templated":true}]}}