{"id":30249,"date":"2024-05-04T18:07:40","date_gmt":"2024-05-04T21:07:40","guid":{"rendered":"https:\/\/arquivosfutebolbrasil.com.br\/blog\/?p=30249"},"modified":"2024-05-04T18:07:40","modified_gmt":"2024-05-04T21:07:40","slug":"jogo-historico-canto-do-rio-rj-x-gremio-df","status":"publish","type":"post","link":"https:\/\/arquivosfutebolbrasil.com.br\/blog\/2024\/05\/04\/jogo-historico-canto-do-rio-rj-x-gremio-df\/","title":{"rendered":"Jogo Hist\u00f3rico &#8211; Canto do Rio (RJ) x Gr\u00eamio (DF)"},"content":{"rendered":"\n<p><strong>Canto do Rio FC (Niter\u00f3i &#8211; RJ) 3&#215;1 Gr\u00eamio E Brasiliense (N\u00facleo Bandeirante &#8211; DF)<\/strong><br>Data: 29 de maio de 1960<br>Local: Guar\u00e1 &#8211; DF<br>Car\u00e1ter: Amistoso Nacional<br>Gols: C\u00e9lio, Ferreira, Nobre e Bira<br>Canto do Rio: Ari, Luciano e Osvaldo; Jair, N\u00e9sio e Floriano; C\u00e9lio, Bira, Amaro, Ferreira e Jairo<br>Gr\u00eamio: Osvaldo (Ivan), Pedersoli, Hugo e Ralf; Alem\u00e3o e Ferreira; Edson Galdino, Braz, Nobre, Sabar\u00e1 e Roberto (Mauro)<\/p>\n\n\n\n<p>Fonte: Jos\u00e9 Ricardo Caldas e Almeida<\/p>\n","protected":false},"excerpt":{"rendered":"<p>Canto do Rio FC (Niter\u00f3i &#8211; RJ) 3&#215;1 Gr\u00eamio E Brasiliense (N\u00facleo Bandeirante &#8211; DF)Data: 29 de maio de 1960Local: Guar\u00e1 &#8211; DFCar\u00e1ter: Amistoso NacionalGols: C\u00e9lio, Ferreira, Nobre e BiraCanto do Rio: Ari, Luciano e Osvaldo; Jair, N\u00e9sio e Floriano; C\u00e9lio, Bira, Amaro, Ferreira e JairoGr\u00eamio: Osvaldo (Ivan), Pedersoli, Hugo e Ralf; Alem\u00e3o e Ferreira; [&hellip;]<\/p>\n","protected":false},"author":2,"featured_media":0,"comment_status":"open","ping_status":"open","sticky":false,"template":"","format":"standard","meta":{"footnotes":""},"categories":[17,46,47,29],"tags":[],"class_list":["post-30249","post","type-post","status-publish","format-standard","hentry","category-distrito-federal-brasilia","category-jogos-amistosos-nacionais","category-jogos-historicos","category-rio-de-janeiro"],"_links":{"self":[{"href":"https:\/\/arquivosfutebolbrasil.com.br\/blog\/wp-json\/wp\/v2\/posts\/30249"}],"collection":[{"href":"https:\/\/arquivosfutebolbrasil.com.br\/blog\/wp-json\/wp\/v2\/posts"}],"about":[{"href":"https:\/\/arquivosfutebolbrasil.com.br\/blog\/wp-json\/wp\/v2\/types\/post"}],"author":[{"embeddable":true,"href":"https:\/\/arquivosfutebolbrasil.com.br\/blog\/wp-json\/wp\/v2\/users\/2"}],"replies":[{"embeddable":true,"href":"https:\/\/arquivosfutebolbrasil.com.br\/blog\/wp-json\/wp\/v2\/comments?post=30249"}],"version-history":[{"count":1,"href":"https:\/\/arquivosfutebolbrasil.com.br\/blog\/wp-json\/wp\/v2\/posts\/30249\/revisions"}],"predecessor-version":[{"id":30250,"href":"https:\/\/arquivosfutebolbrasil.com.br\/blog\/wp-json\/wp\/v2\/posts\/30249\/revisions\/30250"}],"wp:attachment":[{"href":"https:\/\/arquivosfutebolbrasil.com.br\/blog\/wp-json\/wp\/v2\/media?parent=30249"}],"wp:term":[{"taxonomy":"category","embeddable":true,"href":"https:\/\/arquivosfutebolbrasil.com.br\/blog\/wp-json\/wp\/v2\/categories?post=30249"},{"taxonomy":"post_tag","embeddable":true,"href":"https:\/\/arquivosfutebolbrasil.com.br\/blog\/wp-json\/wp\/v2\/tags?post=30249"}],"curies":[{"name":"wp","href":"https:\/\/api.w.org\/{rel}","templated":true}]}}