{"id":30149,"date":"2024-05-02T14:33:24","date_gmt":"2024-05-02T17:33:24","guid":{"rendered":"https:\/\/arquivosfutebolbrasil.com.br\/blog\/?p=30149"},"modified":"2024-04-28T14:34:09","modified_gmt":"2024-04-28T17:34:09","slug":"clubes-de-santa-catarina-esporte-clube-sao-jose-sao-joao-do-oeste","status":"publish","type":"post","link":"https:\/\/arquivosfutebolbrasil.com.br\/blog\/2024\/05\/02\/clubes-de-santa-catarina-esporte-clube-sao-jose-sao-joao-do-oeste\/","title":{"rendered":"Clubes de Santa Catarina &#8211; Esporte Clube S\u00e3o Jos\u00e9 (S\u00e3o Jo\u00e3o do Oeste)"},"content":{"rendered":"<div class=\"wp-block-image\">\n<figure class=\"aligncenter size-full\"><img loading=\"lazy\" decoding=\"async\" width=\"675\" height=\"364\" src=\"https:\/\/arquivosfutebolbrasil.com.br\/blog\/wp-content\/uploads\/2024\/04\/image-115.png\" alt=\"\" class=\"wp-image-30150\" srcset=\"https:\/\/arquivosfutebolbrasil.com.br\/blog\/wp-content\/uploads\/2024\/04\/image-115.png 675w, https:\/\/arquivosfutebolbrasil.com.br\/blog\/wp-content\/uploads\/2024\/04\/image-115-300x162.png 300w, https:\/\/arquivosfutebolbrasil.com.br\/blog\/wp-content\/uploads\/2024\/04\/image-115-624x336.png 624w\" sizes=\"(max-width: 675px) 100vw, 675px\" \/><\/figure><\/div>","protected":false},"excerpt":{"rendered":"","protected":false},"author":2,"featured_media":0,"comment_status":"open","ping_status":"open","sticky":false,"template":"","format":"standard","meta":{"footnotes":""},"categories":[55,39,36],"tags":[],"class_list":["post-30149","post","type-post","status-publish","format-standard","hentry","category-clubes-de-futebol","category-escudos","category-santa-catarina"],"_links":{"self":[{"href":"https:\/\/arquivosfutebolbrasil.com.br\/blog\/wp-json\/wp\/v2\/posts\/30149"}],"collection":[{"href":"https:\/\/arquivosfutebolbrasil.com.br\/blog\/wp-json\/wp\/v2\/posts"}],"about":[{"href":"https:\/\/arquivosfutebolbrasil.com.br\/blog\/wp-json\/wp\/v2\/types\/post"}],"author":[{"embeddable":true,"href":"https:\/\/arquivosfutebolbrasil.com.br\/blog\/wp-json\/wp\/v2\/users\/2"}],"replies":[{"embeddable":true,"href":"https:\/\/arquivosfutebolbrasil.com.br\/blog\/wp-json\/wp\/v2\/comments?post=30149"}],"version-history":[{"count":1,"href":"https:\/\/arquivosfutebolbrasil.com.br\/blog\/wp-json\/wp\/v2\/posts\/30149\/revisions"}],"predecessor-version":[{"id":30151,"href":"https:\/\/arquivosfutebolbrasil.com.br\/blog\/wp-json\/wp\/v2\/posts\/30149\/revisions\/30151"}],"wp:attachment":[{"href":"https:\/\/arquivosfutebolbrasil.com.br\/blog\/wp-json\/wp\/v2\/media?parent=30149"}],"wp:term":[{"taxonomy":"category","embeddable":true,"href":"https:\/\/arquivosfutebolbrasil.com.br\/blog\/wp-json\/wp\/v2\/categories?post=30149"},{"taxonomy":"post_tag","embeddable":true,"href":"https:\/\/arquivosfutebolbrasil.com.br\/blog\/wp-json\/wp\/v2\/tags?post=30149"}],"curies":[{"name":"wp","href":"https:\/\/api.w.org\/{rel}","templated":true}]}}