{"id":29770,"date":"2024-04-14T05:13:12","date_gmt":"2024-04-14T08:13:12","guid":{"rendered":"https:\/\/arquivosfutebolbrasil.com.br\/blog\/?p=29770"},"modified":"2024-04-08T05:13:45","modified_gmt":"2024-04-08T08:13:45","slug":"jogo-historico-jabaquara-sp-x-santos-sp","status":"publish","type":"post","link":"https:\/\/arquivosfutebolbrasil.com.br\/blog\/2024\/04\/14\/jogo-historico-jabaquara-sp-x-santos-sp\/","title":{"rendered":"Jogo Hist\u00f3rico &#8211; Jabaquara (SP) x Santos (SP)"},"content":{"rendered":"\n<p><strong>Jabaquara AC (Santos &#8211; SP) 6&#215;2 Santos FC (Santos &#8211; SP)<\/strong><br>Data: 23 de Setembro de 1945<br>Local: Vila Belmiro, em Santos &#8211; SP<br>Car\u00e1ter: Campeonato Paulista &#8211; 1946<br>\u00c1rbitro: Jos\u00e9 Cruz<br>Gols:Bahia(2), Veiga I (2), Tom Mix, Alem\u00e3ozinho e Ferreira (2)<br>Jabaquara: Talladas; Z\u00e9 Maria e Gradim; God\u00f3i, Leo e Souza; Alem\u00e3ozinho, Baltazar, Bahia, Veiga I e Tom Mix<br>Santos: Joel; Artigas e Toninho; Nen\u00ea, Ayala e Alberto; Jorge, Zeferino, Ferreira, Antoninho e Odair<\/p>\n\n\n\n<p>Fonte: Julio Bovi Diogo<\/p>\n","protected":false},"excerpt":{"rendered":"<p>Jabaquara AC (Santos &#8211; SP) 6&#215;2 Santos FC (Santos &#8211; SP)Data: 23 de Setembro de 1945Local: Vila Belmiro, em Santos &#8211; SPCar\u00e1ter: Campeonato Paulista &#8211; 1946\u00c1rbitro: Jos\u00e9 CruzGols:Bahia(2), Veiga I (2), Tom Mix, Alem\u00e3ozinho e Ferreira (2)Jabaquara: Talladas; Z\u00e9 Maria e Gradim; God\u00f3i, Leo e Souza; Alem\u00e3ozinho, Baltazar, Bahia, Veiga I e Tom MixSantos: Joel; [&hellip;]<\/p>\n","protected":false},"author":2,"featured_media":0,"comment_status":"open","ping_status":"open","sticky":false,"template":"","format":"standard","meta":{"footnotes":""},"categories":[48,53,47,35],"tags":[],"class_list":["post-29770","post","type-post","status-publish","format-standard","hentry","category-campeonatos-historicos","category-grandes-goleadas","category-jogos-historicos","category-sao-paulo"],"_links":{"self":[{"href":"https:\/\/arquivosfutebolbrasil.com.br\/blog\/wp-json\/wp\/v2\/posts\/29770"}],"collection":[{"href":"https:\/\/arquivosfutebolbrasil.com.br\/blog\/wp-json\/wp\/v2\/posts"}],"about":[{"href":"https:\/\/arquivosfutebolbrasil.com.br\/blog\/wp-json\/wp\/v2\/types\/post"}],"author":[{"embeddable":true,"href":"https:\/\/arquivosfutebolbrasil.com.br\/blog\/wp-json\/wp\/v2\/users\/2"}],"replies":[{"embeddable":true,"href":"https:\/\/arquivosfutebolbrasil.com.br\/blog\/wp-json\/wp\/v2\/comments?post=29770"}],"version-history":[{"count":1,"href":"https:\/\/arquivosfutebolbrasil.com.br\/blog\/wp-json\/wp\/v2\/posts\/29770\/revisions"}],"predecessor-version":[{"id":29771,"href":"https:\/\/arquivosfutebolbrasil.com.br\/blog\/wp-json\/wp\/v2\/posts\/29770\/revisions\/29771"}],"wp:attachment":[{"href":"https:\/\/arquivosfutebolbrasil.com.br\/blog\/wp-json\/wp\/v2\/media?parent=29770"}],"wp:term":[{"taxonomy":"category","embeddable":true,"href":"https:\/\/arquivosfutebolbrasil.com.br\/blog\/wp-json\/wp\/v2\/categories?post=29770"},{"taxonomy":"post_tag","embeddable":true,"href":"https:\/\/arquivosfutebolbrasil.com.br\/blog\/wp-json\/wp\/v2\/tags?post=29770"}],"curies":[{"name":"wp","href":"https:\/\/api.w.org\/{rel}","templated":true}]}}