{"id":29688,"date":"2024-04-14T18:13:05","date_gmt":"2024-04-14T21:13:05","guid":{"rendered":"https:\/\/arquivosfutebolbrasil.com.br\/blog\/?p=29688"},"modified":"2024-04-06T18:15:54","modified_gmt":"2024-04-06T21:15:54","slug":"campeonato-sul-matogrossense-de-futebol-feminino-2023","status":"publish","type":"post","link":"https:\/\/arquivosfutebolbrasil.com.br\/blog\/2024\/04\/14\/campeonato-sul-matogrossense-de-futebol-feminino-2023\/","title":{"rendered":"Campeonato Sul Matogrossense de Futebol Feminino \u2013 2023"},"content":{"rendered":"\n<p><strong>Equipes Participantes:<\/strong><\/p>\n\n\n\n<p>Associa\u00e7\u00e3o Atl\u00e9tica Portuguesa (Campo Grande &#8211; MS)<br>Clube Atl\u00e9tico Pinheiros (Ribas do Rio Pardo &#8211; MS)<br>Corumbaense Futebol Clube (Corumb\u00e1 &#8211; MS)<br>Esporte Clube Comercial (Campo Grande &#8211; MS)<br>Oper\u00e1rio Futebol Clube (Campo Grande &#8211; MS)<br>Sociedade Esportiva Ind\u00edgena Terena (Dois Irm\u00e3os do Buriti &#8211; MS)<\/p>\n\n\n\n<p><strong>1\u00aa Fase<\/strong><\/p>\n\n\n\n<p><strong>Grupo A<\/strong><\/p>\n\n\n\n<p>24.09.2023<br>Oper\u00e1rio 6&#215;2 Corumbaense, em Campo Grande<br>30.09.2023<br>Oper\u00e1rio 6&#215;0 Seinter, em Dois Irm\u00e3os do Buriti<br>08.10.2023<br>Corumbaense 3&#215;1 Seinter, em Corumb\u00e1<br>15.10.2023<br>Corumbaense 1&#215;1 Oper\u00e1rio, em Corumb\u00e1<br>29.10.2023<br>Oper\u00e1rio 13&#215;0 Seinter, em Campo Grande<br>04.11.2023<br>Corumbaense 7&#215;0 Seinter, em Dois Irm\u00e3os do Buriti<\/p>\n\n\n\n<p><strong>Grupo B<\/strong><\/p>\n\n\n\n<p>16.09.2023<br>Comercial 3&#215;0 Portuguesa, em Campo Grande<br>23.09.2023<br>Comercial 4&#215;2 Pinheiros, em Ribas do Rio Pardo<br>30.09.2023<br>Pinheiros 4&#215;0 Portuguesa, em Campo Grande<br>07.10.2023<br>Comercial 2&#215;1 Portuguesa, em Campo Grande<br>14.10.2023<br>Comercial 1&#215;0 Pinheiros, em Campo Grande<br>28.10.2023<br>Portuguesa 3&#215;2 Pinheiros, em Ribas do Rio Pardo<\/p>\n\n\n\n<p><strong>Semi Final<\/strong><\/p>\n\n\n\n<p>11.11.2023<br>Corumbaense 5&#215;0 Comercial, em Corumb\u00e1<br>Oper\u00e1rio 3&#215;0 Pinheiros, em Ribas do Rio Pardo<br>19.11.2023<br>Comercial 2&#215;1 Corumbaense, em Campo Grande<br>Oper\u00e1rio 3&#215;0 Pinheiros, em Campo Grande<\/p>\n\n\n\n<p><strong>Final<\/strong><\/p>\n\n\n\n<p>25.11.2023<br>Oper\u00e1rio 4&#215;0 Corumbaense, em Campo Grande<\/p>\n\n\n<div class=\"wp-block-image\">\n<figure class=\"aligncenter size-full is-resized\"><img loading=\"lazy\" decoding=\"async\" width=\"204\" height=\"217\" src=\"https:\/\/arquivosfutebolbrasil.com.br\/blog\/wp-content\/uploads\/2024\/04\/image-26.png\" alt=\"\" class=\"wp-image-29689\" style=\"width:138px;height:auto\"\/><\/figure><\/div>\n\n\n<p>Campe\u00e3o &#8211; Oper\u00e1rio Futebol Clube (Campo Grande &#8211; MS)<\/p>\n\n\n\n<p>Fonte: Julio Bovi Diogo<\/p>\n","protected":false},"excerpt":{"rendered":"<p>Equipes Participantes: Associa\u00e7\u00e3o Atl\u00e9tica Portuguesa (Campo Grande &#8211; MS)Clube Atl\u00e9tico Pinheiros (Ribas do Rio Pardo &#8211; MS)Corumbaense Futebol Clube (Corumb\u00e1 &#8211; MS)Esporte Clube Comercial (Campo Grande &#8211; MS)Oper\u00e1rio Futebol Clube (Campo Grande &#8211; MS)Sociedade Esportiva Ind\u00edgena Terena (Dois Irm\u00e3os do Buriti &#8211; MS) 1\u00aa Fase Grupo A 24.09.2023Oper\u00e1rio 6&#215;2 Corumbaense, em Campo Grande30.09.2023Oper\u00e1rio 6&#215;0 Seinter, [&hellip;]<\/p>\n","protected":false},"author":2,"featured_media":0,"comment_status":"open","ping_status":"open","sticky":false,"template":"","format":"standard","meta":{"footnotes":""},"categories":[48,50,47,22],"tags":[],"class_list":["post-29688","post","type-post","status-publish","format-standard","hentry","category-campeonatos-historicos","category-futebol-feminino","category-jogos-historicos","category-mato-grosso-do-sul"],"_links":{"self":[{"href":"https:\/\/arquivosfutebolbrasil.com.br\/blog\/wp-json\/wp\/v2\/posts\/29688"}],"collection":[{"href":"https:\/\/arquivosfutebolbrasil.com.br\/blog\/wp-json\/wp\/v2\/posts"}],"about":[{"href":"https:\/\/arquivosfutebolbrasil.com.br\/blog\/wp-json\/wp\/v2\/types\/post"}],"author":[{"embeddable":true,"href":"https:\/\/arquivosfutebolbrasil.com.br\/blog\/wp-json\/wp\/v2\/users\/2"}],"replies":[{"embeddable":true,"href":"https:\/\/arquivosfutebolbrasil.com.br\/blog\/wp-json\/wp\/v2\/comments?post=29688"}],"version-history":[{"count":1,"href":"https:\/\/arquivosfutebolbrasil.com.br\/blog\/wp-json\/wp\/v2\/posts\/29688\/revisions"}],"predecessor-version":[{"id":29690,"href":"https:\/\/arquivosfutebolbrasil.com.br\/blog\/wp-json\/wp\/v2\/posts\/29688\/revisions\/29690"}],"wp:attachment":[{"href":"https:\/\/arquivosfutebolbrasil.com.br\/blog\/wp-json\/wp\/v2\/media?parent=29688"}],"wp:term":[{"taxonomy":"category","embeddable":true,"href":"https:\/\/arquivosfutebolbrasil.com.br\/blog\/wp-json\/wp\/v2\/categories?post=29688"},{"taxonomy":"post_tag","embeddable":true,"href":"https:\/\/arquivosfutebolbrasil.com.br\/blog\/wp-json\/wp\/v2\/tags?post=29688"}],"curies":[{"name":"wp","href":"https:\/\/api.w.org\/{rel}","templated":true}]}}