{"id":29678,"date":"2024-04-06T17:51:12","date_gmt":"2024-04-06T20:51:12","guid":{"rendered":"https:\/\/arquivosfutebolbrasil.com.br\/blog\/?p=29678"},"modified":"2024-04-06T17:51:13","modified_gmt":"2024-04-06T20:51:13","slug":"jogo-historico-guarany-ap-x-macapa-ap","status":"publish","type":"post","link":"https:\/\/arquivosfutebolbrasil.com.br\/blog\/2024\/04\/06\/jogo-historico-guarany-ap-x-macapa-ap\/","title":{"rendered":"Jogo Hist\u00f3rico &#8211; Guarany (AP) x Macap\u00e1 (AP)"},"content":{"rendered":"\n<p><strong>Guarany AC (Macap\u00e1 &#8211; AP) 2&#215;1 EC Macap\u00e1 (Macap\u00e1 &#8211; AP)<\/strong><br>Data: 21 de outubro de 1978<br>Local: Est\u00e1dio Glic\u00e9rio Marques, em Macap\u00e1 &#8211; AP<br>Car\u00e1ter: Campeonato Amapaense &#8211; 1978<br>\u00c1rbitro: Jurandir Santos<br>Gols: Eulo (2) e Antonio<br>Guarany: Dida, Castelo, Gil, Dias e Alem\u00e3o; Perivaldo, Camorim (Tadeu) e Marinho (Bolinha); Valdir, Ademir Pena e Eulo<br>Macap\u00e1: Lacerda, Vanderlei, Nariz, Serra e Jonas; Aroldo Pena, Leo (Ademir) e Davi; Nei, Roberto (Zeca) e Antonio<\/p>\n\n\n\n<p>Fonte: Julio Bovi Diogo<\/p>\n","protected":false},"excerpt":{"rendered":"<p>Guarany AC (Macap\u00e1 &#8211; AP) 2&#215;1 EC Macap\u00e1 (Macap\u00e1 &#8211; AP)Data: 21 de outubro de 1978Local: Est\u00e1dio Glic\u00e9rio Marques, em Macap\u00e1 &#8211; APCar\u00e1ter: Campeonato Amapaense &#8211; 1978\u00c1rbitro: Jurandir SantosGols: Eulo (2) e AntonioGuarany: Dida, Castelo, Gil, Dias e Alem\u00e3o; Perivaldo, Camorim (Tadeu) e Marinho (Bolinha); Valdir, Ademir Pena e EuloMacap\u00e1: Lacerda, Vanderlei, Nariz, Serra e [&hellip;]<\/p>\n","protected":false},"author":2,"featured_media":0,"comment_status":"open","ping_status":"open","sticky":false,"template":"","format":"standard","meta":{"footnotes":""},"categories":[4,48,47],"tags":[],"class_list":["post-29678","post","type-post","status-publish","format-standard","hentry","category-amapa","category-campeonatos-historicos","category-jogos-historicos"],"_links":{"self":[{"href":"https:\/\/arquivosfutebolbrasil.com.br\/blog\/wp-json\/wp\/v2\/posts\/29678"}],"collection":[{"href":"https:\/\/arquivosfutebolbrasil.com.br\/blog\/wp-json\/wp\/v2\/posts"}],"about":[{"href":"https:\/\/arquivosfutebolbrasil.com.br\/blog\/wp-json\/wp\/v2\/types\/post"}],"author":[{"embeddable":true,"href":"https:\/\/arquivosfutebolbrasil.com.br\/blog\/wp-json\/wp\/v2\/users\/2"}],"replies":[{"embeddable":true,"href":"https:\/\/arquivosfutebolbrasil.com.br\/blog\/wp-json\/wp\/v2\/comments?post=29678"}],"version-history":[{"count":1,"href":"https:\/\/arquivosfutebolbrasil.com.br\/blog\/wp-json\/wp\/v2\/posts\/29678\/revisions"}],"predecessor-version":[{"id":29679,"href":"https:\/\/arquivosfutebolbrasil.com.br\/blog\/wp-json\/wp\/v2\/posts\/29678\/revisions\/29679"}],"wp:attachment":[{"href":"https:\/\/arquivosfutebolbrasil.com.br\/blog\/wp-json\/wp\/v2\/media?parent=29678"}],"wp:term":[{"taxonomy":"category","embeddable":true,"href":"https:\/\/arquivosfutebolbrasil.com.br\/blog\/wp-json\/wp\/v2\/categories?post=29678"},{"taxonomy":"post_tag","embeddable":true,"href":"https:\/\/arquivosfutebolbrasil.com.br\/blog\/wp-json\/wp\/v2\/tags?post=29678"}],"curies":[{"name":"wp","href":"https:\/\/api.w.org\/{rel}","templated":true}]}}