{"id":2943,"date":"2019-12-02T17:40:00","date_gmt":"2019-12-02T20:40:00","guid":{"rendered":"https:\/\/arquivosfutebolbrasil.com.br\/blog\/?p=2943"},"modified":"2019-11-28T17:43:36","modified_gmt":"2019-11-28T20:43:36","slug":"hino-da-associacao-desportiva-ferroviaria-vitoria-es","status":"publish","type":"post","link":"https:\/\/arquivosfutebolbrasil.com.br\/blog\/2019\/12\/02\/hino-da-associacao-desportiva-ferroviaria-vitoria-es\/","title":{"rendered":"Hino da Associa\u00e7\u00e3o Desportiva Ferrovi\u00e1ria (Vit\u00f3ria &#8211; ES)"},"content":{"rendered":"\n<figure class=\"wp-block-image size-large is-resized\"><img loading=\"lazy\" decoding=\"async\" src=\"https:\/\/arquivosfutebolbrasil.com.br\/blog\/wp-content\/uploads\/2019\/11\/2-564.jpg\" alt=\"\" class=\"wp-image-2944\" width=\"608\" height=\"353\" srcset=\"https:\/\/arquivosfutebolbrasil.com.br\/blog\/wp-content\/uploads\/2019\/11\/2-564.jpg 902w, https:\/\/arquivosfutebolbrasil.com.br\/blog\/wp-content\/uploads\/2019\/11\/2-564-300x174.jpg 300w, https:\/\/arquivosfutebolbrasil.com.br\/blog\/wp-content\/uploads\/2019\/11\/2-564-768x446.jpg 768w\" sizes=\"(max-width: 608px) 100vw, 608px\" \/><figcaption>Fonte: youtube<\/figcaption><\/figure>\n\r\n","protected":false},"excerpt":{"rendered":"","protected":false},"author":2,"featured_media":0,"comment_status":"open","ping_status":"open","sticky":false,"template":"","format":"standard","meta":{"footnotes":""},"categories":[18,44],"tags":[],"class_list":["post-2943","post","type-post","status-publish","format-standard","hentry","category-espirito-santo","category-hinos-de-clubes"],"_links":{"self":[{"href":"https:\/\/arquivosfutebolbrasil.com.br\/blog\/wp-json\/wp\/v2\/posts\/2943"}],"collection":[{"href":"https:\/\/arquivosfutebolbrasil.com.br\/blog\/wp-json\/wp\/v2\/posts"}],"about":[{"href":"https:\/\/arquivosfutebolbrasil.com.br\/blog\/wp-json\/wp\/v2\/types\/post"}],"author":[{"embeddable":true,"href":"https:\/\/arquivosfutebolbrasil.com.br\/blog\/wp-json\/wp\/v2\/users\/2"}],"replies":[{"embeddable":true,"href":"https:\/\/arquivosfutebolbrasil.com.br\/blog\/wp-json\/wp\/v2\/comments?post=2943"}],"version-history":[{"count":1,"href":"https:\/\/arquivosfutebolbrasil.com.br\/blog\/wp-json\/wp\/v2\/posts\/2943\/revisions"}],"predecessor-version":[{"id":2945,"href":"https:\/\/arquivosfutebolbrasil.com.br\/blog\/wp-json\/wp\/v2\/posts\/2943\/revisions\/2945"}],"wp:attachment":[{"href":"https:\/\/arquivosfutebolbrasil.com.br\/blog\/wp-json\/wp\/v2\/media?parent=2943"}],"wp:term":[{"taxonomy":"category","embeddable":true,"href":"https:\/\/arquivosfutebolbrasil.com.br\/blog\/wp-json\/wp\/v2\/categories?post=2943"},{"taxonomy":"post_tag","embeddable":true,"href":"https:\/\/arquivosfutebolbrasil.com.br\/blog\/wp-json\/wp\/v2\/tags?post=2943"}],"curies":[{"name":"wp","href":"https:\/\/api.w.org\/{rel}","templated":true}]}}