{"id":29392,"date":"2024-03-08T05:23:04","date_gmt":"2024-03-08T08:23:04","guid":{"rendered":"https:\/\/arquivosfutebolbrasil.com.br\/blog\/?p=29392"},"modified":"2024-03-08T05:23:04","modified_gmt":"2024-03-08T08:23:04","slug":"garca-futebol-clube-garca-sp-temporada-oficial-de-1968","status":"publish","type":"post","link":"https:\/\/arquivosfutebolbrasil.com.br\/blog\/2024\/03\/08\/garca-futebol-clube-garca-sp-temporada-oficial-de-1968\/","title":{"rendered":"Gar\u00e7a Futebol Clube (Gar\u00e7a &#8211; SP) &#8211; Temporada Oficial de 1968"},"content":{"rendered":"<div class=\"wp-block-image\">\n<figure class=\"aligncenter size-full\"><img loading=\"lazy\" decoding=\"async\" width=\"680\" height=\"521\" src=\"https:\/\/arquivosfutebolbrasil.com.br\/blog\/wp-content\/uploads\/2024\/03\/image-4.png\" alt=\"\" class=\"wp-image-29393\" srcset=\"https:\/\/arquivosfutebolbrasil.com.br\/blog\/wp-content\/uploads\/2024\/03\/image-4.png 680w, https:\/\/arquivosfutebolbrasil.com.br\/blog\/wp-content\/uploads\/2024\/03\/image-4-300x230.png 300w\" sizes=\"(max-width: 680px) 100vw, 680px\" \/><\/figure><\/div>\n\n\n<p><strong>Campeonato Paulista &#8211; 2\u00aa Divis\u00e3o<\/strong><\/p>\n\n\n\n<p>07.07.1968<br>Gar\u00e7a 1&#215;2 Municipal (Paragua\u00e7u Paulista), em Paragua\u00e7u Paulista<br>14.07.1968<br>Gar\u00e7a 1&#215;2 S\u00e3o Bento (Mar\u00edlia), em Mar\u00edlia<br>21.07.1968<br>Gar\u00e7a 3&#215;2 Piraj\u00fa (Piraj\u00fa), em Gar\u00e7a<br>28.07.1968<br>Gar\u00e7a 1&#215;0 Veracruzense (Vera Cruz), em Vera Cruz<br>04.08.1968<br>Gar\u00e7a 1&#215;0 Guarani (Adamantina), em Gar\u00e7a<br>11.08.1968<br>Gar\u00e7a 2&#215;0 Penapolense (Pen\u00e1polis), em Pen\u00e1polis<br>18.08.1968<br>Gar\u00e7a 3&#215;2 Palmital (Palmital), em Gar\u00e7a<br>25.08.1968<br>Gar\u00e7a 3&#215;1 Municipal (Paragua\u00e7u Paulista), em Gar\u00e7a<br>01.09.1968<br>Gar\u00e7a 3&#215;1 S\u00e3o Bento (Mar\u00edlia), em Gar\u00e7a<br>08.09.1968<br>Gar\u00e7a 2&#215;0 Piraj\u00fa (Piraj\u00fa), em Piraj\u00fa<br>15.09.1968<br>Gar\u00e7a 2&#215;0 Veracruzense (Vera Cruz), em Gar\u00e7a<br>22.09.1968<br>Gar\u00e7a 0x2 Guarani (Adamantina), em Adamantina<br>29.09.1968<br>Gar\u00e7a 1&#215;0 Penapolense (Pen\u00e1polis), em Gar\u00e7a<br>06.10.1968<br>Gar\u00e7a 3&#215;3 Palmital (Palmital), em Palmital<br>08.12.1968<br>Gar\u00e7a 3&#215;1 Rio Branco (Ibitinga), em Gar\u00e7a<br>15.12.1968<br>Gar\u00e7a 2&#215;2 Botafogo (Catanduva), em Catanduva<br>12.01.1969<br>Gar\u00e7a 2&#215;0 Jalesense (Jales), em Gar\u00e7a<br>19.01.1969<br>Gar\u00e7a 0x2 S\u00e3o Bento (Mar\u00edlia), em Mar\u00edlia<br>26.01.1969<br>Gar\u00e7a 1&#215;0 Municipal (Paragua\u00e7u Paulista), em Gar\u00e7a<br>02.02.1969<br>Gar\u00e7a 1&#215;0 Guarani (Adamantina), em Adamantina<br>23.02.1969<br>Gar\u00e7a 0x0 Rio Branco (Ibitinga), em Ibitinga<br>02.03.1969<br>Gar\u00e7a 3&#215;1 Botafogo (Catanduva), em Gar\u00e7a<br>09.03.1969<br>Gar\u00e7a 0x3 Jalesense (Jales), em Jales<br>16.03.1969<br>Gar\u00e7a 2&#215;1 S\u00e3o Bento (Mar\u00edlia), em Gar\u00e7a<br>23.03.1969<br>Gar\u00e7a 2&#215;5 Municipal (Paragua\u00e7u Paulista), em Paragua\u00e7u Paulista<\/p>\n\n\n\n<p>Fonte: Julio Bovi Diogo<\/p>\n","protected":false},"excerpt":{"rendered":"<p>Campeonato Paulista &#8211; 2\u00aa Divis\u00e3o 07.07.1968Gar\u00e7a 1&#215;2 Municipal (Paragua\u00e7u Paulista), em Paragua\u00e7u Paulista14.07.1968Gar\u00e7a 1&#215;2 S\u00e3o Bento (Mar\u00edlia), em Mar\u00edlia21.07.1968Gar\u00e7a 3&#215;2 Piraj\u00fa (Piraj\u00fa), em Gar\u00e7a28.07.1968Gar\u00e7a 1&#215;0 Veracruzense (Vera Cruz), em Vera Cruz04.08.1968Gar\u00e7a 1&#215;0 Guarani (Adamantina), em Gar\u00e7a11.08.1968Gar\u00e7a 2&#215;0 Penapolense (Pen\u00e1polis), em Pen\u00e1polis18.08.1968Gar\u00e7a 3&#215;2 Palmital (Palmital), em Gar\u00e7a25.08.1968Gar\u00e7a 3&#215;1 Municipal (Paragua\u00e7u Paulista), em Gar\u00e7a01.09.1968Gar\u00e7a 3&#215;1 S\u00e3o Bento [&hellip;]<\/p>\n","protected":false},"author":2,"featured_media":0,"comment_status":"open","ping_status":"open","sticky":false,"template":"","format":"standard","meta":{"footnotes":""},"categories":[48,54,47,35,57],"tags":[],"class_list":["post-29392","post","type-post","status-publish","format-standard","hentry","category-campeonatos-historicos","category-fotos-historicas","category-jogos-historicos","category-sao-paulo","category-temporadas"],"_links":{"self":[{"href":"https:\/\/arquivosfutebolbrasil.com.br\/blog\/wp-json\/wp\/v2\/posts\/29392"}],"collection":[{"href":"https:\/\/arquivosfutebolbrasil.com.br\/blog\/wp-json\/wp\/v2\/posts"}],"about":[{"href":"https:\/\/arquivosfutebolbrasil.com.br\/blog\/wp-json\/wp\/v2\/types\/post"}],"author":[{"embeddable":true,"href":"https:\/\/arquivosfutebolbrasil.com.br\/blog\/wp-json\/wp\/v2\/users\/2"}],"replies":[{"embeddable":true,"href":"https:\/\/arquivosfutebolbrasil.com.br\/blog\/wp-json\/wp\/v2\/comments?post=29392"}],"version-history":[{"count":1,"href":"https:\/\/arquivosfutebolbrasil.com.br\/blog\/wp-json\/wp\/v2\/posts\/29392\/revisions"}],"predecessor-version":[{"id":29394,"href":"https:\/\/arquivosfutebolbrasil.com.br\/blog\/wp-json\/wp\/v2\/posts\/29392\/revisions\/29394"}],"wp:attachment":[{"href":"https:\/\/arquivosfutebolbrasil.com.br\/blog\/wp-json\/wp\/v2\/media?parent=29392"}],"wp:term":[{"taxonomy":"category","embeddable":true,"href":"https:\/\/arquivosfutebolbrasil.com.br\/blog\/wp-json\/wp\/v2\/categories?post=29392"},{"taxonomy":"post_tag","embeddable":true,"href":"https:\/\/arquivosfutebolbrasil.com.br\/blog\/wp-json\/wp\/v2\/tags?post=29392"}],"curies":[{"name":"wp","href":"https:\/\/api.w.org\/{rel}","templated":true}]}}