{"id":29366,"date":"2024-02-28T20:38:50","date_gmt":"2024-02-28T23:38:50","guid":{"rendered":"https:\/\/arquivosfutebolbrasil.com.br\/blog\/?p=29366"},"modified":"2024-02-25T20:41:56","modified_gmt":"2024-02-25T23:41:56","slug":"copa-do-mundo-de-futebol-de-areia-masculino-2024","status":"publish","type":"post","link":"https:\/\/arquivosfutebolbrasil.com.br\/blog\/2024\/02\/28\/copa-do-mundo-de-futebol-de-areia-masculino-2024\/","title":{"rendered":"Copa do Mundo de Futebol de Areia &#8211; Masculino &#8211; 2024"},"content":{"rendered":"\n<p><strong>1\u00aa Fase<\/strong><\/p>\n\n\n\n<p><strong>Grupo A<\/strong><\/p>\n\n\n\n<p>15.02.2024<br>It\u00e1lia 3&#215;1 Estados Unidos, em Dubai &#8211; Emirados \u00c1rabes<br>Emirados \u00c1rabes 2&#215;1 Egito, em Dubai &#8211; Emirados \u00c1rabes<br>17.02.2024<br>It\u00e1lia 6&#215;2 Egito, em Dubai &#8211; Emirados \u00c1rabes<br>Emirados \u00c1rabes 2&#215;2 Estados Unidos (1&#215;0 pro), em Dubai &#8211; Emirados \u00c1rabes<br>19.02.2024<br>Egito 4&#215;4 Estados Unidos (1&#215;0 pro), em Dubai &#8211; Emirados \u00c1rabes<br>Emirados \u00c1rabes 0x0 It\u00e1lia (3&#215;1 pen), em Dubai &#8211; Emirados \u00c1rabes<\/p>\n\n\n\n<p><strong>Grupo B<\/strong><\/p>\n\n\n\n<p>15.02.2024<br>Tahiti 4&#215;3 Argentina, em Dubai &#8211; Emirados \u00c1rabes<br>Iran 6&#215;6 Espanha (3&#215;1 pen), em Dubai &#8211; Emirados \u00c1rabes<br>17.02.2024<br>Tahiti 5&#215;3 Espanha, em Dubai &#8211; Emirados \u00c1rabes<br>Iran 6&#215;3 Argentina, em Dubai &#8211; Emirados \u00c1rabes<br>19.02.2024<br>Argentina 5&#215;4 Espanha, em Dubai &#8211; Emirados \u00c1rabes<br>Iran 5&#215;3 Tahiti, em Dubai &#8211; Emirados \u00c1rabes<\/p>\n\n\n\n<p><strong>Grupo C<\/strong><\/p>\n\n\n\n<p>16.02.2024<br>Jap\u00e3o 3&#215;2 Col\u00f4mbia, em Dubai &#8211; Emirados \u00c1rabes<br>Bielor\u00fassia 6&#215;4 Senegal, em Dubai &#8211; Emirados \u00c1rabes<br>18.02.2024<br>Bielor\u00fassia 3&#215;1 Jap\u00e3o, em Dubai &#8211; Emirados \u00c1rabes<br>Senegal 5&#215;3 Col\u00f4mbia, em Dubai &#8211; Emirados \u00c1rabes<br>20.02.2024<br>Bielorr\u00fassia 4&#215;1 Col\u00f4mbia, em Dubai &#8211; Emirados \u00c1rabes<br>Jap\u00e3o 6&#215;4 Senegal, em Dubai &#8211; Emirados \u00c1rabes<\/p>\n\n\n\n<p><strong>Grupo D<\/strong><\/p>\n\n\n\n<p>16.02.2024<br>Portugal 8&#215;2 M\u00e9xico, em Dubai &#8211; Emirados \u00c1rabes<br>Brasil 5&#215;3 Oman, em Dubai &#8211; Emirados \u00c1rabes<br>18.02.2024<br>Oman 5&#215;2 M\u00e9xico, em Dubai &#8211; Emirados \u00c1rabes<br>Brasil 2&#215;2 Portugal (1&#215;0 pro), em Dubai &#8211; Emirados \u00c1rabes<br>20.02.2024<br>Portugal 3&#215;2 Oman, em Dubai &#8211; Emirados \u00c1rabes<br>Brasil 3&#215;3 M\u00e9xico (1&#215;0 pro), em Dubai &#8211; Emirados \u00c1rabes<\/p>\n\n\n\n<p><strong>Quartas de final<\/strong><\/p>\n\n\n\n<p>22.02.2024<br>Brasil 8&#215;4 Jap\u00e3o, em Dubai &#8211; Emirados \u00c1rabes<br>Bielor\u00fassia 3&#215;3 Portugal (1&#215;0 pro), em Dubai &#8211; Emirados \u00c1rabes<br>Iran 2&#215;1 Emirados \u00c1rabes, em Dubai &#8211; Emirados \u00c1rabes<br>It\u00e1lia 5&#215;2 Tahiti, em Dubai &#8211; Emirados \u00c1rabes<\/p>\n\n\n\n<p><strong>Semi Final<\/strong><\/p>\n\n\n\n<p>24.02.2024<br>Brasil 3&#215;2 Iran, em Dubai &#8211; Emirados \u00c1rabes<br>It\u00e1lia 3&#215;3 Bielor\u00fassia (5&#215;4 pen), em Dubai &#8211; Emirados \u00c1rabes<\/p>\n\n\n\n<p><strong>Decis\u00e3o do 3\u00ba Lugar<\/strong><\/p>\n\n\n\n<p>25.02.2024<br>Iran 6&#215;1 Bielor\u00fassia, em Dubai &#8211; Emirados \u00c1rabes<\/p>\n\n\n\n<p><strong>Final<\/strong><\/p>\n\n\n\n<p>25.02.2024<br>Brasil 6&#215;4 It\u00e1lia, em Dubai &#8211; Emirados \u00c1rabes<\/p>\n\n\n<div class=\"wp-block-image\">\n<figure class=\"aligncenter size-full is-resized\"><img loading=\"lazy\" decoding=\"async\" src=\"https:\/\/arquivosfutebolbrasil.com.br\/blog\/wp-content\/uploads\/2024\/02\/image-19.png\" alt=\"\" class=\"wp-image-29367\" width=\"124\" height=\"160\"\/><\/figure><\/div>\n\n\n<p>Campe\u00e3 &#8211; Sele\u00e7\u00e3o do Brasil<\/p>\n\n\n\n<p>Fonte: Julio Bovi Diogo<\/p>\n","protected":false},"excerpt":{"rendered":"<p>1\u00aa Fase Grupo A 15.02.2024It\u00e1lia 3&#215;1 Estados Unidos, em Dubai &#8211; Emirados \u00c1rabesEmirados \u00c1rabes 2&#215;1 Egito, em Dubai &#8211; Emirados \u00c1rabes17.02.2024It\u00e1lia 6&#215;2 Egito, em Dubai &#8211; Emirados \u00c1rabesEmirados \u00c1rabes 2&#215;2 Estados Unidos (1&#215;0 pro), em Dubai &#8211; Emirados \u00c1rabes19.02.2024Egito 4&#215;4 Estados Unidos (1&#215;0 pro), em Dubai &#8211; Emirados \u00c1rabesEmirados \u00c1rabes 0x0 It\u00e1lia (3&#215;1 pen), em [&hellip;]<\/p>\n","protected":false},"author":2,"featured_media":0,"comment_status":"open","ping_status":"open","sticky":false,"template":"","format":"standard","meta":{"footnotes":""},"categories":[1,48,51],"tags":[],"class_list":["post-29366","post","type-post","status-publish","format-standard","hentry","category-brasil","category-campeonatos-historicos","category-futebol-de-praia-futsal"],"_links":{"self":[{"href":"https:\/\/arquivosfutebolbrasil.com.br\/blog\/wp-json\/wp\/v2\/posts\/29366"}],"collection":[{"href":"https:\/\/arquivosfutebolbrasil.com.br\/blog\/wp-json\/wp\/v2\/posts"}],"about":[{"href":"https:\/\/arquivosfutebolbrasil.com.br\/blog\/wp-json\/wp\/v2\/types\/post"}],"author":[{"embeddable":true,"href":"https:\/\/arquivosfutebolbrasil.com.br\/blog\/wp-json\/wp\/v2\/users\/2"}],"replies":[{"embeddable":true,"href":"https:\/\/arquivosfutebolbrasil.com.br\/blog\/wp-json\/wp\/v2\/comments?post=29366"}],"version-history":[{"count":1,"href":"https:\/\/arquivosfutebolbrasil.com.br\/blog\/wp-json\/wp\/v2\/posts\/29366\/revisions"}],"predecessor-version":[{"id":29368,"href":"https:\/\/arquivosfutebolbrasil.com.br\/blog\/wp-json\/wp\/v2\/posts\/29366\/revisions\/29368"}],"wp:attachment":[{"href":"https:\/\/arquivosfutebolbrasil.com.br\/blog\/wp-json\/wp\/v2\/media?parent=29366"}],"wp:term":[{"taxonomy":"category","embeddable":true,"href":"https:\/\/arquivosfutebolbrasil.com.br\/blog\/wp-json\/wp\/v2\/categories?post=29366"},{"taxonomy":"post_tag","embeddable":true,"href":"https:\/\/arquivosfutebolbrasil.com.br\/blog\/wp-json\/wp\/v2\/tags?post=29366"}],"curies":[{"name":"wp","href":"https:\/\/api.w.org\/{rel}","templated":true}]}}