{"id":29322,"date":"2024-02-05T15:08:05","date_gmt":"2024-02-05T18:08:05","guid":{"rendered":"https:\/\/arquivosfutebolbrasil.com.br\/blog\/?p=29322"},"modified":"2024-02-05T15:08:06","modified_gmt":"2024-02-05T18:08:06","slug":"jogo-historico-rio-branco-ac-x-ypiranga-ac","status":"publish","type":"post","link":"https:\/\/arquivosfutebolbrasil.com.br\/blog\/2024\/02\/05\/jogo-historico-rio-branco-ac-x-ypiranga-ac\/","title":{"rendered":"Jogo Hist\u00f3rico &#8211; Rio Branco (AC) x Ypiranga (AC)"},"content":{"rendered":"\n<p><strong>Rio Branco FC (Rio Branco &#8211; AC) 17&#215;0 Ypiranga FC (Rio Branco &#8211; AC)<\/strong><br>Data: 20 de agosto de 1950<br>Local: Est\u00e1dio Jos\u00e9 de Melo, em Rio Branco &#8211; AC<br>Car\u00e1ter: campeonato Acreano &#8211; 1950<br>\u00c1rbitro: n\u00e3o encontrado<br>Gols: Arig\u00f3 (7), Fernando (4), Reinaldo (2), Edson (2), Dudu e El\u00ednio<br>Rio Branco: Guedes, Jaime e Orsete; Fernando, Edmundo e Valdo; El\u00ednio, Edson, Reinaldo, Arig\u00f3 e Dudu<br>Ypiranga: Barbosa, Lima e Wilson; Alberto, Abreu I e Osvaldo; Gerson, Di\u00f3genes, Abreu II e Luiz<\/p>\n\n\n\n<p>Fonte: Julio Bovi Diogo<\/p>\n","protected":false},"excerpt":{"rendered":"<p>Rio Branco FC (Rio Branco &#8211; AC) 17&#215;0 Ypiranga FC (Rio Branco &#8211; AC)Data: 20 de agosto de 1950Local: Est\u00e1dio Jos\u00e9 de Melo, em Rio Branco &#8211; ACCar\u00e1ter: campeonato Acreano &#8211; 1950\u00c1rbitro: n\u00e3o encontradoGols: Arig\u00f3 (7), Fernando (4), Reinaldo (2), Edson (2), Dudu e El\u00ednioRio Branco: Guedes, Jaime e Orsete; Fernando, Edmundo e Valdo; El\u00ednio, [&hellip;]<\/p>\n","protected":false},"author":2,"featured_media":0,"comment_status":"open","ping_status":"open","sticky":false,"template":"","format":"standard","meta":{"footnotes":""},"categories":[5,48,53,47],"tags":[],"class_list":["post-29322","post","type-post","status-publish","format-standard","hentry","category-acre","category-campeonatos-historicos","category-grandes-goleadas","category-jogos-historicos"],"_links":{"self":[{"href":"https:\/\/arquivosfutebolbrasil.com.br\/blog\/wp-json\/wp\/v2\/posts\/29322"}],"collection":[{"href":"https:\/\/arquivosfutebolbrasil.com.br\/blog\/wp-json\/wp\/v2\/posts"}],"about":[{"href":"https:\/\/arquivosfutebolbrasil.com.br\/blog\/wp-json\/wp\/v2\/types\/post"}],"author":[{"embeddable":true,"href":"https:\/\/arquivosfutebolbrasil.com.br\/blog\/wp-json\/wp\/v2\/users\/2"}],"replies":[{"embeddable":true,"href":"https:\/\/arquivosfutebolbrasil.com.br\/blog\/wp-json\/wp\/v2\/comments?post=29322"}],"version-history":[{"count":1,"href":"https:\/\/arquivosfutebolbrasil.com.br\/blog\/wp-json\/wp\/v2\/posts\/29322\/revisions"}],"predecessor-version":[{"id":29323,"href":"https:\/\/arquivosfutebolbrasil.com.br\/blog\/wp-json\/wp\/v2\/posts\/29322\/revisions\/29323"}],"wp:attachment":[{"href":"https:\/\/arquivosfutebolbrasil.com.br\/blog\/wp-json\/wp\/v2\/media?parent=29322"}],"wp:term":[{"taxonomy":"category","embeddable":true,"href":"https:\/\/arquivosfutebolbrasil.com.br\/blog\/wp-json\/wp\/v2\/categories?post=29322"},{"taxonomy":"post_tag","embeddable":true,"href":"https:\/\/arquivosfutebolbrasil.com.br\/blog\/wp-json\/wp\/v2\/tags?post=29322"}],"curies":[{"name":"wp","href":"https:\/\/api.w.org\/{rel}","templated":true}]}}