{"id":29282,"date":"2024-01-28T16:48:12","date_gmt":"2024-01-28T19:48:12","guid":{"rendered":"https:\/\/arquivosfutebolbrasil.com.br\/blog\/?p=29282"},"modified":"2024-01-28T16:48:13","modified_gmt":"2024-01-28T19:48:13","slug":"clubes-de-sao-paulo-santa-fe-futebol-clube-santa-fe-do-sul","status":"publish","type":"post","link":"https:\/\/arquivosfutebolbrasil.com.br\/blog\/2024\/01\/28\/clubes-de-sao-paulo-santa-fe-futebol-clube-santa-fe-do-sul\/","title":{"rendered":"Clubes de S\u00e3o Paulo &#8211; Santa F\u00e9 Futebol Clube (Santa F\u00e9 do Sul)"},"content":{"rendered":"<div class=\"wp-block-image\">\n<figure class=\"aligncenter size-full\"><img loading=\"lazy\" decoding=\"async\" width=\"618\" height=\"325\" src=\"https:\/\/arquivosfutebolbrasil.com.br\/blog\/wp-content\/uploads\/2024\/01\/image-46.png\" alt=\"\" class=\"wp-image-29283\" srcset=\"https:\/\/arquivosfutebolbrasil.com.br\/blog\/wp-content\/uploads\/2024\/01\/image-46.png 618w, https:\/\/arquivosfutebolbrasil.com.br\/blog\/wp-content\/uploads\/2024\/01\/image-46-300x158.png 300w\" sizes=\"(max-width: 618px) 100vw, 618px\" \/><\/figure><\/div>","protected":false},"excerpt":{"rendered":"","protected":false},"author":2,"featured_media":0,"comment_status":"open","ping_status":"open","sticky":false,"template":"","format":"standard","meta":{"footnotes":""},"categories":[55,39,35],"tags":[],"class_list":["post-29282","post","type-post","status-publish","format-standard","hentry","category-clubes-de-futebol","category-escudos","category-sao-paulo"],"_links":{"self":[{"href":"https:\/\/arquivosfutebolbrasil.com.br\/blog\/wp-json\/wp\/v2\/posts\/29282"}],"collection":[{"href":"https:\/\/arquivosfutebolbrasil.com.br\/blog\/wp-json\/wp\/v2\/posts"}],"about":[{"href":"https:\/\/arquivosfutebolbrasil.com.br\/blog\/wp-json\/wp\/v2\/types\/post"}],"author":[{"embeddable":true,"href":"https:\/\/arquivosfutebolbrasil.com.br\/blog\/wp-json\/wp\/v2\/users\/2"}],"replies":[{"embeddable":true,"href":"https:\/\/arquivosfutebolbrasil.com.br\/blog\/wp-json\/wp\/v2\/comments?post=29282"}],"version-history":[{"count":1,"href":"https:\/\/arquivosfutebolbrasil.com.br\/blog\/wp-json\/wp\/v2\/posts\/29282\/revisions"}],"predecessor-version":[{"id":29284,"href":"https:\/\/arquivosfutebolbrasil.com.br\/blog\/wp-json\/wp\/v2\/posts\/29282\/revisions\/29284"}],"wp:attachment":[{"href":"https:\/\/arquivosfutebolbrasil.com.br\/blog\/wp-json\/wp\/v2\/media?parent=29282"}],"wp:term":[{"taxonomy":"category","embeddable":true,"href":"https:\/\/arquivosfutebolbrasil.com.br\/blog\/wp-json\/wp\/v2\/categories?post=29282"},{"taxonomy":"post_tag","embeddable":true,"href":"https:\/\/arquivosfutebolbrasil.com.br\/blog\/wp-json\/wp\/v2\/tags?post=29282"}],"curies":[{"name":"wp","href":"https:\/\/api.w.org\/{rel}","templated":true}]}}