{"id":29052,"date":"2024-01-06T07:39:56","date_gmt":"2024-01-06T10:39:56","guid":{"rendered":"https:\/\/arquivosfutebolbrasil.com.br\/blog\/?p=29052"},"modified":"2024-01-06T07:39:57","modified_gmt":"2024-01-06T10:39:57","slug":"jogo-historico-america-rj-x-vefa-turquia","status":"publish","type":"post","link":"https:\/\/arquivosfutebolbrasil.com.br\/blog\/2024\/01\/06\/jogo-historico-america-rj-x-vefa-turquia\/","title":{"rendered":"Jogo Hist\u00f3rico &#8211; Am\u00e9rica (RJ) x Vefa (Turquia)"},"content":{"rendered":"\n<p><strong>Am\u00e9rica FC (Rio de Janeiro &#8211; RJ) 2&#215;0 Vefa (Turquia)<\/strong><br>Data: 09 de maio de 1953<br>Local: Istambul &#8211; Turquia<br>Car\u00e1ter: Amistoso Internacional<br>\u00c1rbitro: Rifat Atakorn<br>Gols: Wassil (2)<br>Am\u00e9rica: Osny, Joel e Osmar; Rubens, Oswaldinho e Ivan (Agnelo); Wassil (Valeriano), Jo\u00e3o Carlos, Le\u00f4nidas, Maneco e Ferreira (Jorginho)<br>Vefa: Orhan, Fuot e Rahmi; Salih, Tarik e Selahattin; Ali, Galip, Garbis, Ismet e Kbargis<\/p>\n\n\n\n<p>Fonte: Julio Bovi Diogo<\/p>\n","protected":false},"excerpt":{"rendered":"<p>Am\u00e9rica FC (Rio de Janeiro &#8211; RJ) 2&#215;0 Vefa (Turquia)Data: 09 de maio de 1953Local: Istambul &#8211; TurquiaCar\u00e1ter: Amistoso Internacional\u00c1rbitro: Rifat AtakornGols: Wassil (2)Am\u00e9rica: Osny, Joel e Osmar; Rubens, Oswaldinho e Ivan (Agnelo); Wassil (Valeriano), Jo\u00e3o Carlos, Le\u00f4nidas, Maneco e Ferreira (Jorginho)Vefa: Orhan, Fuot e Rahmi; Salih, Tarik e Selahattin; Ali, Galip, Garbis, Ismet e [&hellip;]<\/p>\n","protected":false},"author":2,"featured_media":0,"comment_status":"open","ping_status":"open","sticky":false,"template":"","format":"standard","meta":{"footnotes":""},"categories":[42,47,29],"tags":[],"class_list":["post-29052","post","type-post","status-publish","format-standard","hentry","category-jogos-amistosos-internacionais","category-jogos-historicos","category-rio-de-janeiro"],"_links":{"self":[{"href":"https:\/\/arquivosfutebolbrasil.com.br\/blog\/wp-json\/wp\/v2\/posts\/29052"}],"collection":[{"href":"https:\/\/arquivosfutebolbrasil.com.br\/blog\/wp-json\/wp\/v2\/posts"}],"about":[{"href":"https:\/\/arquivosfutebolbrasil.com.br\/blog\/wp-json\/wp\/v2\/types\/post"}],"author":[{"embeddable":true,"href":"https:\/\/arquivosfutebolbrasil.com.br\/blog\/wp-json\/wp\/v2\/users\/2"}],"replies":[{"embeddable":true,"href":"https:\/\/arquivosfutebolbrasil.com.br\/blog\/wp-json\/wp\/v2\/comments?post=29052"}],"version-history":[{"count":1,"href":"https:\/\/arquivosfutebolbrasil.com.br\/blog\/wp-json\/wp\/v2\/posts\/29052\/revisions"}],"predecessor-version":[{"id":29053,"href":"https:\/\/arquivosfutebolbrasil.com.br\/blog\/wp-json\/wp\/v2\/posts\/29052\/revisions\/29053"}],"wp:attachment":[{"href":"https:\/\/arquivosfutebolbrasil.com.br\/blog\/wp-json\/wp\/v2\/media?parent=29052"}],"wp:term":[{"taxonomy":"category","embeddable":true,"href":"https:\/\/arquivosfutebolbrasil.com.br\/blog\/wp-json\/wp\/v2\/categories?post=29052"},{"taxonomy":"post_tag","embeddable":true,"href":"https:\/\/arquivosfutebolbrasil.com.br\/blog\/wp-json\/wp\/v2\/tags?post=29052"}],"curies":[{"name":"wp","href":"https:\/\/api.w.org\/{rel}","templated":true}]}}