{"id":2902,"date":"2019-11-28T14:03:38","date_gmt":"2019-11-28T17:03:38","guid":{"rendered":"https:\/\/arquivosfutebolbrasil.com.br\/blog\/?p=2902"},"modified":"2019-11-28T14:03:39","modified_gmt":"2019-11-28T17:03:39","slug":"sao-cristovao-de-futebol-e-regatas-rj-temporada-oficial-de-2011","status":"publish","type":"post","link":"https:\/\/arquivosfutebolbrasil.com.br\/blog\/2019\/11\/28\/sao-cristovao-de-futebol-e-regatas-rj-temporada-oficial-de-2011\/","title":{"rendered":"S\u00e3o Crist\u00f3v\u00e3o de Futebol e Regatas (RJ) &#8211; Temporada Oficial de 2011"},"content":{"rendered":"\n<div class=\"wp-block-image\"><figure class=\"aligncenter size-large is-resized\"><img loading=\"lazy\" decoding=\"async\" src=\"https:\/\/arquivosfutebolbrasil.com.br\/blog\/wp-content\/uploads\/2019\/11\/2-557.jpg\" alt=\"\" class=\"wp-image-2903\" width=\"181\" height=\"180\" srcset=\"https:\/\/arquivosfutebolbrasil.com.br\/blog\/wp-content\/uploads\/2019\/11\/2-557.jpg 199w, https:\/\/arquivosfutebolbrasil.com.br\/blog\/wp-content\/uploads\/2019\/11\/2-557-150x150.jpg 150w\" sizes=\"(max-width: 181px) 100vw, 181px\" \/><\/figure><\/div>\n\n\n\n<p><strong>Campeonato Carioca &#8211; S\u00e9rie B<\/strong><\/p>\n\n\n\n<p>12.02.2011<br>\nS\u00e3o Crist\u00f3v\u00e3o 0x1 S\u00e3o Jo\u00e3o da Barra (S\u00e3o Jo\u00e3o da Barra &#8211; RJ), em S\u00e3o Jo\u00e3o da Barra &#8211; RJ<br>\n16.02.2011<br>\nS\u00e3o Crist\u00f3v\u00e3o 3&#215;2 Mesquita (Mesquita &#8211; RJ), no Rio de Janeiro &#8211; RJ<br>\n19.02.2011<br>\nS\u00e3o Crist\u00f3v\u00e3o 1&#215;0 Aperibeense (Aperib\u00e9 &#8211; RJ), no Rio de Janeiro &#8211; RJ<br>\n23.02.2011<br>\nS\u00e3o Crist\u00f3v\u00e3o 0x1 Bonsucesso (Rio de Janeiro &#8211; RJ), no Rio de Janeiro &#8211; RJ<br>\n26.02.2011<br>\nS\u00e3o Crist\u00f3v\u00e3o 3&#215;2 Barra Mansa (Barra Mansa &#8211; RJ), no Rio de Janeiro &#8211; RJ<br>\n02.03.2011<br>\nS\u00e3o Crist\u00f3v\u00e3o 2&#215;3 Sendas (S\u00e3o Jo\u00e3o de Meriti &#8211; RJ), em S\u00e3o Jo\u00e3o de Meriti &#8211; RJ<br>\n05.03.2011<br>\nS\u00e3o Crist\u00f3v\u00e3o 1&#215;0 Itaperuna (Itaperuna &#8211; RJ), no Rio de Janeiro &#8211; RJ<br>\n12.03.2011<br>\nS\u00e3o Crist\u00f3v\u00e3o 0x1 Angra dos Reis (Angra dos Reis &#8211; RJ), em Angra dos Reis &#8211; RJ<br>\n16.03.2011<br>\nS\u00e3o Crist\u00f3v\u00e3o 1&#215;1 Est\u00e1cio de S\u00e1 (Rio de Janeiro &#8211; RJ), no Rio de Janeiro &#8211; RJ<br>\n19.03.2011<br>\nS\u00e3o Crist\u00f3v\u00e3o 2&#215;3 Teres\u00f3polis (Teres\u00f3polis &#8211; RJ), em Teres\u00f3polis &#8211; RJ<br>\n23.03.2011<br>\nS\u00e3o Crist\u00f3v\u00e3o 1&#215;2 Serra Macaense (Maca\u00e9 &#8211; RJ), no Rio de Janeiro &#8211; RJ<br>\n26.03.2011<br>\nS\u00e3o Crist\u00f3v\u00e3o 0x0 S\u00e3o Jo\u00e3o da Barra (S\u00e3o Jo\u00e3o da Barra &#8211; RJ), no Rio de Janeiro &#8211; RJ<br>\n30.03.2011<br>\nS\u00e3o Crist\u00f3v\u00e3o 0x1 Mesquita (Mesquita &#8211; RJ), em Mesquita &#8211; RJ<br>\n02.04.2011<br>\nS\u00e3o Crist\u00f3v\u00e3o W0x0 Aperibeense (Aperib\u00e9 &#8211; RJ), em Aperib\u00e9 &#8211; RJ<br>\n06.04.2011<br>\nS\u00e3o Crist\u00f3v\u00e3o 1&#215;5 Bonsucesso (Rio de Janeiro &#8211; RJ), no Rio de Janeiro &#8211; RJ<br>\n09.04.2011<br>\nS\u00e3o Crist\u00f3v\u00e3o 0x2 Barra Mansa (Barra Mansa &#8211; RJ), em Barra Mansa &#8211; RJ<br>\n13.04.2011<br>\nS\u00e3o Crist\u00f3v\u00e3o 0x1 Sendas (S\u00e3o Jo\u00e3o de Meriti &#8211; RJ), no Rio de Janeiro &#8211; RJ<br>\n16.04.2011<br>\nS\u00e3o Crist\u00f3v\u00e3o 0x0 Itaperuna (Itaperuna &#8211; RJ), em Itaperuna &#8211; RJ<br>\n20.04.2011<br>\nS\u00e3o Crist\u00f3v\u00e3o 1&#215;3 Angra dos Reis (Angra dos Reis &#8211; RJ), no Rio de Janeiro &#8211; RJ<br>\n23.04.2011<br>\nS\u00e3o Crist\u00f3v\u00e3o 1&#215;4 Est\u00e1cio de S\u00e1 (Rio de Janeiro &#8211; RJ), no Rio de Janeiro &#8211; RJ<br>\n27.04.2011<br>\nS\u00e3o Crist\u00f3v\u00e3o 0x6 Teres\u00f3polis (Teres\u00f3polis &#8211; RJ), no Rio de Janeiro &#8211; RJ<br>\n30.04.2011<br>\nS\u00e3o Crist\u00f3v\u00e3o 2&#215;0 Serra Macaense (Maca\u00e9 &#8211; RJ), em Maca\u00e9 &#8211; RJ<br>\n07.05.2011<br>\nS\u00e3o Crist\u00f3v\u00e3o 0x1 Mesquita (Mesquita &#8211; RJ), em Mesquita &#8211; RJ<br>\n11.05.2011<br>\nS\u00e3o Crist\u00f3v\u00e3o W0x0 Itaperuna (Itaperuna &#8211; RJ), no Rio de Janeiro &#8211; RJ<br>\n14.05.2011<br>\nS\u00e3o Crist\u00f3v\u00e3o 0x3 Artsul (Nova Igua\u00e7u &#8211; RJ), em Nova Igua\u00e7u &#8211; RJ<br>\n19.05.2011<br>\nS\u00e3o Crist\u00f3v\u00e3o 2&#215;0 CFZ Rio (Rio de Janeiro &#8211; RJ), no Rio de Janeiro &#8211; RJ<br>\n22.05.2011<br>\nS\u00e3o Crist\u00f3v\u00e3o W0x0 Cardoso Moreira (Cardoso Moreira &#8211; RJ), em Cardoso Moreira &#8211; RJ<br>\n25.05.2011<br>\nS\u00e3o Crist\u00f3v\u00e3o W0x0 Mesquita (Mesquita &#8211; RJ), no Rio de Janeiro &#8211; RJ<br>\n28.05.2011<br>\nS\u00e3o Crist\u00f3v\u00e3o W0x0 Itaperuna (Itaperuna &#8211; RJ), em Itaperuna &#8211; RJ<br>\n01.06.2011<br>\nS\u00e3o Crist\u00f3v\u00e3o 0x1 Artsul (Nova Igua\u00e7u &#8211; RJ), no Rio de Janeiro &#8211; RJ<br>\n04.06.2011<br>\nS\u00e3o Crist\u00f3v\u00e3o 2&#215;1 CFZ Rio (Rio de Janeiro &#8211; RJ), no Rio de Janeiro &#8211; RJ<br>\n08.06.2011<br>\nS\u00e3o Crist\u00f3v\u00e3o W0x0 Cardoso Moreira (Cardoso Moreira &#8211; RJ), no Rio de Janeiro &#8211; RJ<\/p>\n\n\n\n<p><strong>Copa Yasmin de Profissionais<\/strong><\/p>\n\n\n\n<p>11.01.2011<br>\nS\u00e3o Crist\u00f3v\u00e3o 4\u00d70 Villa Rio (Rio de Janeiro &#8211; RJ), no Rio de Janeiro &#8211; RJ<br>\n14.01.2011<br>\nS\u00e3o Crist\u00f3v\u00e3o 2\u00d71 Barcelona (Rio de Janeiro &#8211; RJ), no Rio de Janeiro &#8211; RJ<br>\n21.01.2011<br>\nS\u00e3o Crist\u00f3v\u00e3o 1\u00d70 Yasmin (Rio de Janeiro &#8211; RJ), no Rio de Janeiro &#8211; RJ<br>\n28.01.2011<br>\nS\u00e3o Crist\u00f3v\u00e3o 1\u00d70 Rubro Social  (Araruama &#8211; RJ), no Rio de Janeiro &#8211; RJ<br>\n04.02.2011<br>\nS\u00e3o Crist\u00f3v\u00e3o 2\u00d70 Arraial do Cabo (Arraial do Cabo &#8211; RJ), no Rio de Janeiro &#8211; RJ<\/p>\n\n\n\n<p>Fonte: Arquivos de Raymundo Quadros<\/p>\n\r\n","protected":false},"excerpt":{"rendered":"<p>Campeonato Carioca &#8211; S\u00e9rie B 12.02.2011 S\u00e3o Crist\u00f3v\u00e3o 0x1 S\u00e3o Jo\u00e3o da Barra (S\u00e3o Jo\u00e3o da Barra &#8211; RJ), em S\u00e3o Jo\u00e3o da Barra &#8211; RJ 16.02.2011 S\u00e3o Crist\u00f3v\u00e3o 3&#215;2 Mesquita (Mesquita &#8211; RJ), no Rio de Janeiro &#8211; RJ 19.02.2011 S\u00e3o Crist\u00f3v\u00e3o 1&#215;0 Aperibeense (Aperib\u00e9 &#8211; RJ), no Rio de Janeiro &#8211; RJ 23.02.2011 [&hellip;]<\/p>\n","protected":false},"author":2,"featured_media":0,"comment_status":"open","ping_status":"open","sticky":false,"template":"","format":"standard","meta":{"footnotes":""},"categories":[47,29,57],"tags":[],"class_list":["post-2902","post","type-post","status-publish","format-standard","hentry","category-jogos-historicos","category-rio-de-janeiro","category-temporadas"],"_links":{"self":[{"href":"https:\/\/arquivosfutebolbrasil.com.br\/blog\/wp-json\/wp\/v2\/posts\/2902"}],"collection":[{"href":"https:\/\/arquivosfutebolbrasil.com.br\/blog\/wp-json\/wp\/v2\/posts"}],"about":[{"href":"https:\/\/arquivosfutebolbrasil.com.br\/blog\/wp-json\/wp\/v2\/types\/post"}],"author":[{"embeddable":true,"href":"https:\/\/arquivosfutebolbrasil.com.br\/blog\/wp-json\/wp\/v2\/users\/2"}],"replies":[{"embeddable":true,"href":"https:\/\/arquivosfutebolbrasil.com.br\/blog\/wp-json\/wp\/v2\/comments?post=2902"}],"version-history":[{"count":1,"href":"https:\/\/arquivosfutebolbrasil.com.br\/blog\/wp-json\/wp\/v2\/posts\/2902\/revisions"}],"predecessor-version":[{"id":2904,"href":"https:\/\/arquivosfutebolbrasil.com.br\/blog\/wp-json\/wp\/v2\/posts\/2902\/revisions\/2904"}],"wp:attachment":[{"href":"https:\/\/arquivosfutebolbrasil.com.br\/blog\/wp-json\/wp\/v2\/media?parent=2902"}],"wp:term":[{"taxonomy":"category","embeddable":true,"href":"https:\/\/arquivosfutebolbrasil.com.br\/blog\/wp-json\/wp\/v2\/categories?post=2902"},{"taxonomy":"post_tag","embeddable":true,"href":"https:\/\/arquivosfutebolbrasil.com.br\/blog\/wp-json\/wp\/v2\/tags?post=2902"}],"curies":[{"name":"wp","href":"https:\/\/api.w.org\/{rel}","templated":true}]}}