{"id":29003,"date":"2024-01-03T07:17:12","date_gmt":"2024-01-03T10:17:12","guid":{"rendered":"https:\/\/arquivosfutebolbrasil.com.br\/blog\/?p=29003"},"modified":"2024-01-03T07:17:12","modified_gmt":"2024-01-03T10:17:12","slug":"gremio-esportivo-gloria-vacaria-rs-temporada-oficial-de-2009","status":"publish","type":"post","link":"https:\/\/arquivosfutebolbrasil.com.br\/blog\/2024\/01\/03\/gremio-esportivo-gloria-vacaria-rs-temporada-oficial-de-2009\/","title":{"rendered":"Gr\u00eamio Esportivo Gl\u00f3ria (Vacaria &#8211; RS) &#8211; Temporada Oficial de 2009"},"content":{"rendered":"\n<figure class=\"wp-block-image size-full\"><img loading=\"lazy\" decoding=\"async\" width=\"678\" height=\"528\" src=\"https:\/\/arquivosfutebolbrasil.com.br\/blog\/wp-content\/uploads\/2024\/01\/image-7.png\" alt=\"\" class=\"wp-image-29004\" srcset=\"https:\/\/arquivosfutebolbrasil.com.br\/blog\/wp-content\/uploads\/2024\/01\/image-7.png 678w, https:\/\/arquivosfutebolbrasil.com.br\/blog\/wp-content\/uploads\/2024\/01\/image-7-300x234.png 300w\" sizes=\"(max-width: 678px) 100vw, 678px\" \/><\/figure>\n\n\n\n<p><strong>Campeonato Ga\u00facho &#8211; 2\u00aa Divis\u00e3o<\/strong><\/p>\n\n\n\n<p>08.03.2009<br>Gl\u00f3ria 0x0 Santo \u00c2ngelo (Santo \u00c2ngelo &#8211; RS), em Santo \u00c2ngelo &#8211; RS<br>15.03.2009<br>Gl\u00f3ria 4&#215;0 Milan (J\u00falio de Castilhos &#8211; RS), em Vacaria &#8211; RS<br>21.03.2009<br>Gl\u00f3ria 2&#215;0 Lajeadense (Lajeado &#8211; RS), em Vacaria &#8211; RS<br>25.03.2009<br>Gl\u00f3ria 1&#215;1 Atl\u00e9tico (Carazinho &#8211; RS), em Carazinho &#8211; RS<br>29.03.2009<br>Gl\u00f3ria 1&#215;0 Panambi (Panambi &#8211; RS), em Vacaria &#8211; RS<br>05.04.2009<br>Gl\u00f3ria 1&#215;1 Riograndense (Santa Maria &#8211; RS), em Santa Maria &#8211; RS<br>12.04.2009<br>Gl\u00f3ria 2&#215;1 Tr\u00eas Passos (Tr\u00eas Passos &#8211; RS), em Vacaria &#8211; RS<br>21.04.2009<br>Gl\u00f3ria 2&#215;1 Tr\u00eas Passos (Tr\u00eas Passos &#8211; RS), em Tr\u00eas Passos &#8211; RS<br>26.04.2009<br>Gl\u00f3ria 1&#215;0 Riograndense (Santa Maria &#8211; RS), em Vacaria &#8211; RS<br>30.04.2009<br>Gl\u00f3ria 1&#215;3 Panambi (Panambi &#8211; RS), em Panambi &#8211; RS<br>06.05.2009<br>Gl\u00f3ria 6&#215;0 Atl\u00e9tico (Carazinho &#8211; RS), em Vacaria &#8211; RS<br>10.05.2009<br>Gl\u00f3ria 1&#215;0 Lajeadense (Lajeado &#8211; RS), em Lajeado &#8211; RS<br>17.05.2009<br>Gl\u00f3ria 4&#215;1 Milan (J\u00falio de Castilhos &#8211; RS), em J\u00falio de Castilhos &#8211; RS<br>23.05.2009<br>Gl\u00f3ria 1&#215;0 Santo \u00c2ngelo (Santo \u00c2ngelo &#8211; RS), em Vacaria &#8211; RS<br>31.05.2009<br>Gl\u00f3ria 2&#215;1 Flamengo (Alegrete &#8211; RS), em Alegrete &#8211; RS<br>04.06.2009<br>Gl\u00f3ria 2&#215;0 Brasil (Farroupilha &#8211; RS), em Vacaria &#8211; RS<br>07.06.2009<br>Gl\u00f3ria 1&#215;0 Aimor\u00e9 (S\u00e3o Leopoldo &#8211; RS), em S\u00e3o Leopoldo &#8211; RS<br>11.06.2009<br>Gl\u00f3ria 0x0 Rio Grande (Rio Grande &#8211; RS), em Rio Grande &#8211; RS<br>17.06.2009<br>Gl\u00f3ria 3&#215;0 Panambi (Panambi &#8211; RS), em Vacaria &#8211; RS<br>20.06.2009<br>Gl\u00f3ria 1&#215;1 Panambi (Panambi &#8211; RS), em Panambi &#8211; RS<br>24.06.2009<br>Gl\u00f3ria 4&#215;0 Rio Grande (Rio Grande &#8211; RS), em Vacaria &#8211; RS<br>27.06.2009<br>Gl\u00f3ria 2&#215;0 Aimor\u00e9 (S\u00e3o Leopoldo &#8211; RS), em Vacaria &#8211; RS<br>01.07.2009<br>Gl\u00f3ria 1&#215;1 Brasil (Farroupilha &#8211; RS), em Farroupilha &#8211; RS<br>03.07.2009<br>Gl\u00f3ria 4&#215;1 Flamengo (Alegrete &#8211; RS), em Vacaria &#8211; RS<br>09.07.2009<br>Gl\u00f3ria 3&#215;1 Cer\u00e2mica (Gravata\u00ed &#8211; RS), em Vacaria &#8211; RS<br>13.07.2009<br>Gl\u00f3ria 0x0 Tr\u00eas Passos (Tr\u00eas Passos &#8211; RS), em Tr\u00eas Passos &#8211; RS<br>15.07.2009<br>Gl\u00f3ria 1&#215;1 Porto Alegre (Porto Alegre &#8211; RS), em Porto Alegre &#8211; RS<br>18.07.2009<br>Gl\u00f3ria 1&#215;2 Porto Alegre (Porto Alegre &#8211; RS), em Vacaria &#8211; RS<br>22.07.2009<br>Gl\u00f3ria 2&#215;2 Cer\u00e2mica (Gravata\u00ed &#8211; RS), em Gravata\u00ed &#8211; RS<\/p>\n\n\n\n<p>Fonte: Julio Bovi Diogo<\/p>\n","protected":false},"excerpt":{"rendered":"<p>Campeonato Ga\u00facho &#8211; 2\u00aa Divis\u00e3o 08.03.2009Gl\u00f3ria 0x0 Santo \u00c2ngelo (Santo \u00c2ngelo &#8211; RS), em Santo \u00c2ngelo &#8211; RS15.03.2009Gl\u00f3ria 4&#215;0 Milan (J\u00falio de Castilhos &#8211; RS), em Vacaria &#8211; RS21.03.2009Gl\u00f3ria 2&#215;0 Lajeadense (Lajeado &#8211; RS), em Vacaria &#8211; RS25.03.2009Gl\u00f3ria 1&#215;1 Atl\u00e9tico (Carazinho &#8211; RS), em Carazinho &#8211; RS29.03.2009Gl\u00f3ria 1&#215;0 Panambi (Panambi &#8211; RS), em Vacaria &#8211; [&hellip;]<\/p>\n","protected":false},"author":2,"featured_media":0,"comment_status":"open","ping_status":"open","sticky":false,"template":"","format":"standard","meta":{"footnotes":""},"categories":[48,54,47,32,57],"tags":[],"class_list":["post-29003","post","type-post","status-publish","format-standard","hentry","category-campeonatos-historicos","category-fotos-historicas","category-jogos-historicos","category-rio-grande-do-sul","category-temporadas"],"_links":{"self":[{"href":"https:\/\/arquivosfutebolbrasil.com.br\/blog\/wp-json\/wp\/v2\/posts\/29003"}],"collection":[{"href":"https:\/\/arquivosfutebolbrasil.com.br\/blog\/wp-json\/wp\/v2\/posts"}],"about":[{"href":"https:\/\/arquivosfutebolbrasil.com.br\/blog\/wp-json\/wp\/v2\/types\/post"}],"author":[{"embeddable":true,"href":"https:\/\/arquivosfutebolbrasil.com.br\/blog\/wp-json\/wp\/v2\/users\/2"}],"replies":[{"embeddable":true,"href":"https:\/\/arquivosfutebolbrasil.com.br\/blog\/wp-json\/wp\/v2\/comments?post=29003"}],"version-history":[{"count":1,"href":"https:\/\/arquivosfutebolbrasil.com.br\/blog\/wp-json\/wp\/v2\/posts\/29003\/revisions"}],"predecessor-version":[{"id":29005,"href":"https:\/\/arquivosfutebolbrasil.com.br\/blog\/wp-json\/wp\/v2\/posts\/29003\/revisions\/29005"}],"wp:attachment":[{"href":"https:\/\/arquivosfutebolbrasil.com.br\/blog\/wp-json\/wp\/v2\/media?parent=29003"}],"wp:term":[{"taxonomy":"category","embeddable":true,"href":"https:\/\/arquivosfutebolbrasil.com.br\/blog\/wp-json\/wp\/v2\/categories?post=29003"},{"taxonomy":"post_tag","embeddable":true,"href":"https:\/\/arquivosfutebolbrasil.com.br\/blog\/wp-json\/wp\/v2\/tags?post=29003"}],"curies":[{"name":"wp","href":"https:\/\/api.w.org\/{rel}","templated":true}]}}