{"id":28970,"date":"2023-12-28T20:45:00","date_gmt":"2023-12-28T23:45:00","guid":{"rendered":"https:\/\/arquivosfutebolbrasil.com.br\/blog\/?p=28970"},"modified":"2023-12-28T10:46:46","modified_gmt":"2023-12-28T13:46:46","slug":"campeonato-baiano-feminino-2023","status":"publish","type":"post","link":"https:\/\/arquivosfutebolbrasil.com.br\/blog\/2023\/12\/28\/campeonato-baiano-feminino-2023\/","title":{"rendered":"Campeonato Baiano &#8211; Feminino &#8211; 2023"},"content":{"rendered":"\n<p><strong>Equipes Participantes:<\/strong><\/p>\n\n\n\n<p>Alagoinhas Atl\u00e9tico Clube (Alagoinhas &#8211; BA)<br>Associa\u00e7\u00e3o Desportiva Comunit\u00e1ria Astro (Feira de Santana &#8211; BA)<br>Associa\u00e7\u00e3o Desportiva Le\u00f4nico (Salvador &#8211; BA)<br>Associa\u00e7\u00e3o Desportiva Lusaca (Cama\u00e7ari &#8211; BA)<br>Esporte Clube Bahia (Salvador &#8211; BA)<br>Esporte Clube Jacuipense (Riach\u00e3o do Jacu\u00edpe &#8211; BA)<br>Esporte Clube Vit\u00f3ria (Salvador &#8211; BA)<br>Reden\u00e7\u00e3o Futebol Clube (Salvador &#8211; BA)<\/p>\n\n\n\n<p><strong>1\u00aa Fase<\/strong><\/p>\n\n\n\n<p>30.07.2023<br>Astro 1&#215;0 Lusaca, em Feira de Santana<br>Bahia 8&#215;1 Atl\u00e9tico, em Salvador<br>Vit\u00f3ria 3&#215;2 Jacuipense, em Salvador<br>Le\u00f4nico 2&#215;1 Reden\u00e7\u00e3o, em Itanagra<br>05.08.2023<br>Bahia 5&#215;1 Jacuipense, em Salvador<br>Atl\u00e9tico 1&#215;0 Le\u00f4nico, em Cachoeira<br>Lusaca 8&#215;0 Reden\u00e7\u00e3o, em Salvador<br>Vit\u00f3ria 3&#215;1 Astro, em Salvador<br>12.08.2023<br>Atl\u00e9tico 4&#215;0 Reden\u00e7\u00e3o, em Salvador<br>Vit\u00f3ria 0x0 Lusaca, em Salvador<br>Bahia 3&#215;0 Astro, em Feira de Santana<br>13.08.2023<br>Jacuipense 2&#215;1 Le\u00f4nico, em Salvador<br>19.08.2023<br>Bahia 2&#215;1 Vit\u00f3ria, em Salvador<br>Astro 1&#215;0 Le\u00f4nico, em Cachoeira<br>Lusaca 2&#215;0 Atl\u00e9tico, em Salvador<br>Jacuipense 6&#215;1 Reden\u00e7\u00e3o, em Ara\u00e7\u00e1s<br>23.08.2023<br>Astro 7&#215;0 Reden\u00e7\u00e3o, em Feira de Santana<br>Bahia 9&#215;0 Lusaca, em Salvador<br>Jacuipense 2&#215;1 Atl\u00e9tico, em Salvador<br>Vit\u00f3ria 5&#215;0 Le\u00f4nico, em Salvador<br>26.08.2023<br>Astro 2&#215;1 Atl\u00e9tico, em Salvador<br>Lusaca 4&#215;1 Jacuipense, em Salvador<br>Bahia 8&#215;0 Le\u00f4nico, em Cachoeira<br>Vit\u00f3ria 2&#215;0 Reden\u00e7\u00e3o, em Itanagra<br>02.09.2023<br>Astro 3&#215;0 Jacuipense, em Feira de Santana<br>Bahia 15&#215;0 Reden\u00e7\u00e3o, em Salvador<br>Lusaca 8&#215;0 Le\u00f4nico, em Salvador<br>Vit\u00f3ria 2&#215;0 Atl\u00e9tico, em Salvador<\/p>\n\n\n\n<p>J V E D GP GC PG<br>01\u00ba Bahia 07 07 00 00 50 03 21<br>02\u00ba Vit\u00f3ria 07 05 01 01 16 05 16<br>03\u00ba Astro 07 05 00 02 15 07 15<br>04\u00ba Lusaca 07 04 01 02 22 11 13<br>05\u00ba Jacuipense 07 03 00 04 14 17 09<br>06\u00ba Atl\u00e9tico 07 02 00 05 08 16 06<br>07\u00ba Le\u00f4nico 07 01 00 06 03 26 03<br>08\u00ba Reden\u00e7\u00e3o 07 00 00 07 01 44 00<\/p>\n\n\n\n<p><strong>Semi Final<\/strong><\/p>\n\n\n\n<p>09.09.2023<br>Bahia 4&#215;0 Lusaca, em Salvador<br>10.09.2023<br>Astro 2&#215;1 Vit\u00f3ria, em Feira de Santana<br>16.09.2023<br>Bahia 9&#215;0 Lusaca, em Salvador<br>Vit\u00f3ria 1&#215;0 Astro (5&#215;4 pen), em Salvador<\/p>\n\n\n\n<p><strong>Final<\/strong><\/p>\n\n\n\n<p>24.09.2023<br>Bahia 2&#215;1 Vit\u00f3ria, em Salvador<br>01.10.2023<br>Bahia 0x0 Vit\u00f3ria, em Salvador<\/p>\n\n\n<div class=\"wp-block-image\">\n<figure class=\"aligncenter size-full is-resized\"><img loading=\"lazy\" decoding=\"async\" src=\"https:\/\/arquivosfutebolbrasil.com.br\/blog\/wp-content\/uploads\/2023\/12\/image-45.png\" alt=\"\" class=\"wp-image-28971\" width=\"115\" height=\"115\" srcset=\"https:\/\/arquivosfutebolbrasil.com.br\/blog\/wp-content\/uploads\/2023\/12\/image-45.png 940w, https:\/\/arquivosfutebolbrasil.com.br\/blog\/wp-content\/uploads\/2023\/12\/image-45-300x300.png 300w, https:\/\/arquivosfutebolbrasil.com.br\/blog\/wp-content\/uploads\/2023\/12\/image-45-150x150.png 150w, https:\/\/arquivosfutebolbrasil.com.br\/blog\/wp-content\/uploads\/2023\/12\/image-45-768x768.png 768w\" sizes=\"(max-width: 115px) 100vw, 115px\" \/><\/figure><\/div>\n\n\n<p>Campe\u00e3o &#8211; Esporte Clube Bahia (Salvador &#8211; BA)<\/p>\n\n\n\n<p>Fonte: Nilton Martins de Souza<\/p>\n","protected":false},"excerpt":{"rendered":"<p>Equipes Participantes: Alagoinhas Atl\u00e9tico Clube (Alagoinhas &#8211; BA)Associa\u00e7\u00e3o Desportiva Comunit\u00e1ria Astro (Feira de Santana &#8211; BA)Associa\u00e7\u00e3o Desportiva Le\u00f4nico (Salvador &#8211; BA)Associa\u00e7\u00e3o Desportiva Lusaca (Cama\u00e7ari &#8211; BA)Esporte Clube Bahia (Salvador &#8211; BA)Esporte Clube Jacuipense (Riach\u00e3o do Jacu\u00edpe &#8211; BA)Esporte Clube Vit\u00f3ria (Salvador &#8211; BA)Reden\u00e7\u00e3o Futebol Clube (Salvador &#8211; BA) 1\u00aa Fase 30.07.2023Astro 1&#215;0 Lusaca, em Feira [&hellip;]<\/p>\n","protected":false},"author":2,"featured_media":0,"comment_status":"open","ping_status":"open","sticky":false,"template":"","format":"standard","meta":{"footnotes":""},"categories":[1],"tags":[],"class_list":["post-28970","post","type-post","status-publish","format-standard","hentry","category-brasil"],"_links":{"self":[{"href":"https:\/\/arquivosfutebolbrasil.com.br\/blog\/wp-json\/wp\/v2\/posts\/28970"}],"collection":[{"href":"https:\/\/arquivosfutebolbrasil.com.br\/blog\/wp-json\/wp\/v2\/posts"}],"about":[{"href":"https:\/\/arquivosfutebolbrasil.com.br\/blog\/wp-json\/wp\/v2\/types\/post"}],"author":[{"embeddable":true,"href":"https:\/\/arquivosfutebolbrasil.com.br\/blog\/wp-json\/wp\/v2\/users\/2"}],"replies":[{"embeddable":true,"href":"https:\/\/arquivosfutebolbrasil.com.br\/blog\/wp-json\/wp\/v2\/comments?post=28970"}],"version-history":[{"count":1,"href":"https:\/\/arquivosfutebolbrasil.com.br\/blog\/wp-json\/wp\/v2\/posts\/28970\/revisions"}],"predecessor-version":[{"id":28972,"href":"https:\/\/arquivosfutebolbrasil.com.br\/blog\/wp-json\/wp\/v2\/posts\/28970\/revisions\/28972"}],"wp:attachment":[{"href":"https:\/\/arquivosfutebolbrasil.com.br\/blog\/wp-json\/wp\/v2\/media?parent=28970"}],"wp:term":[{"taxonomy":"category","embeddable":true,"href":"https:\/\/arquivosfutebolbrasil.com.br\/blog\/wp-json\/wp\/v2\/categories?post=28970"},{"taxonomy":"post_tag","embeddable":true,"href":"https:\/\/arquivosfutebolbrasil.com.br\/blog\/wp-json\/wp\/v2\/tags?post=28970"}],"curies":[{"name":"wp","href":"https:\/\/api.w.org\/{rel}","templated":true}]}}