{"id":28862,"date":"2024-01-18T05:31:01","date_gmt":"2024-01-18T08:31:01","guid":{"rendered":"https:\/\/arquivosfutebolbrasil.com.br\/blog\/?p=28862"},"modified":"2023-12-23T05:32:14","modified_gmt":"2023-12-23T08:32:14","slug":"jogo-historico-palmeiras-sp-x-umuarama-pr","status":"publish","type":"post","link":"https:\/\/arquivosfutebolbrasil.com.br\/blog\/2024\/01\/18\/jogo-historico-palmeiras-sp-x-umuarama-pr\/","title":{"rendered":"Jogo Hist\u00f3rico &#8211; Palmeiras (SP) x Umuarama (PR)"},"content":{"rendered":"\n<p><strong>SE Palmeiras (S\u00e3o Paulo &#8211; SP) 1&#215;0 Umuarama FC (Umuarama &#8211; PR)<\/strong><br>Data: 26 de junho de 1973<br>Local: Umuarama &#8211; PR<br>Car\u00e1ter: Amistoso Nacional<br>\u00c1rbitro: C\u00e9lio Silva<br>Gol: Fedato<br>Palmeiras: Raul Marcel, Eurico, Jo\u00e3o Carlos, Zeca e Celso; Dudu e Ademir da Guia; Edu, Milton (Ronaldo), C\u00e9sar (Pio) e Fedato<br>Umuarama: Leonel, Afonso, Virg\u00edlio, B\u00f4 e Beto; Nen\u00ea (Jairo) e \u00cdndio; Paulo<br>Borges (Darci), Jaime, Jo\u00e3ozinho e China<\/p>\n\n\n\n<p>Fonte: Julio Bovi Diogo<\/p>\n","protected":false},"excerpt":{"rendered":"<p>SE Palmeiras (S\u00e3o Paulo &#8211; SP) 1&#215;0 Umuarama FC (Umuarama &#8211; PR)Data: 26 de junho de 1973Local: Umuarama &#8211; PRCar\u00e1ter: Amistoso Nacional\u00c1rbitro: C\u00e9lio SilvaGol: FedatoPalmeiras: Raul Marcel, Eurico, Jo\u00e3o Carlos, Zeca e Celso; Dudu e Ademir da Guia; Edu, Milton (Ronaldo), C\u00e9sar (Pio) e FedatoUmuarama: Leonel, Afonso, Virg\u00edlio, B\u00f4 e Beto; Nen\u00ea (Jairo) e \u00cdndio; [&hellip;]<\/p>\n","protected":false},"author":2,"featured_media":0,"comment_status":"open","ping_status":"open","sticky":false,"template":"","format":"standard","meta":{"footnotes":""},"categories":[46,47,25,35],"tags":[],"class_list":["post-28862","post","type-post","status-publish","format-standard","hentry","category-jogos-amistosos-nacionais","category-jogos-historicos","category-parana","category-sao-paulo"],"_links":{"self":[{"href":"https:\/\/arquivosfutebolbrasil.com.br\/blog\/wp-json\/wp\/v2\/posts\/28862"}],"collection":[{"href":"https:\/\/arquivosfutebolbrasil.com.br\/blog\/wp-json\/wp\/v2\/posts"}],"about":[{"href":"https:\/\/arquivosfutebolbrasil.com.br\/blog\/wp-json\/wp\/v2\/types\/post"}],"author":[{"embeddable":true,"href":"https:\/\/arquivosfutebolbrasil.com.br\/blog\/wp-json\/wp\/v2\/users\/2"}],"replies":[{"embeddable":true,"href":"https:\/\/arquivosfutebolbrasil.com.br\/blog\/wp-json\/wp\/v2\/comments?post=28862"}],"version-history":[{"count":1,"href":"https:\/\/arquivosfutebolbrasil.com.br\/blog\/wp-json\/wp\/v2\/posts\/28862\/revisions"}],"predecessor-version":[{"id":28863,"href":"https:\/\/arquivosfutebolbrasil.com.br\/blog\/wp-json\/wp\/v2\/posts\/28862\/revisions\/28863"}],"wp:attachment":[{"href":"https:\/\/arquivosfutebolbrasil.com.br\/blog\/wp-json\/wp\/v2\/media?parent=28862"}],"wp:term":[{"taxonomy":"category","embeddable":true,"href":"https:\/\/arquivosfutebolbrasil.com.br\/blog\/wp-json\/wp\/v2\/categories?post=28862"},{"taxonomy":"post_tag","embeddable":true,"href":"https:\/\/arquivosfutebolbrasil.com.br\/blog\/wp-json\/wp\/v2\/tags?post=28862"}],"curies":[{"name":"wp","href":"https:\/\/api.w.org\/{rel}","templated":true}]}}