{"id":28830,"date":"2024-01-17T20:00:38","date_gmt":"2024-01-17T23:00:38","guid":{"rendered":"https:\/\/arquivosfutebolbrasil.com.br\/blog\/?p=28830"},"modified":"2023-12-22T20:01:41","modified_gmt":"2023-12-22T23:01:41","slug":"jogo-historico-desportiva-es-x-america-es","status":"publish","type":"post","link":"https:\/\/arquivosfutebolbrasil.com.br\/blog\/2024\/01\/17\/jogo-historico-desportiva-es-x-america-es\/","title":{"rendered":"Jogo Hist\u00f3rico &#8211; Desportiva (ES) x Am\u00e9rica (ES)"},"content":{"rendered":"\n<p><strong>A Desportiva FVRD (Cariacica &#8211; ES) 2&#215;0 Am\u00e9rica FC (Linhares &#8211; ES)<\/strong><br>Data: 17 de junho de 1973<br>Local: Est\u00e1dio Engenheiro Araripe, em Cariacica &#8211; ES<br>Car\u00e1ter: Campeonato Capixaba &#8211; 1973<br>\u00c1rbitro: Noquinha e El\u00edsio<br>Desportiva: Edalmo, Claudio, Ju\u00e1, Eusi e Adalberto; Pinduca, S\u00e9rgio e Noquinha; El\u00edsio, Zezinho e Deo<br>Am\u00e9rica: Juvenal, Claudio, Orion, Pedrinho e Pantera; H\u00e9lio e Est\u00e9lio; Silva, Elias, Silvinho e Pancho<\/p>\n\n\n\n<p>Fonte: Julio Bovi Diogo<\/p>\n","protected":false},"excerpt":{"rendered":"<p>A Desportiva FVRD (Cariacica &#8211; ES) 2&#215;0 Am\u00e9rica FC (Linhares &#8211; ES)Data: 17 de junho de 1973Local: Est\u00e1dio Engenheiro Araripe, em Cariacica &#8211; ESCar\u00e1ter: Campeonato Capixaba &#8211; 1973\u00c1rbitro: Noquinha e El\u00edsioDesportiva: Edalmo, Claudio, Ju\u00e1, Eusi e Adalberto; Pinduca, S\u00e9rgio e Noquinha; El\u00edsio, Zezinho e DeoAm\u00e9rica: Juvenal, Claudio, Orion, Pedrinho e Pantera; H\u00e9lio e Est\u00e9lio; Silva, [&hellip;]<\/p>\n","protected":false},"author":2,"featured_media":0,"comment_status":"open","ping_status":"open","sticky":false,"template":"","format":"standard","meta":{"footnotes":""},"categories":[48,18,47],"tags":[],"class_list":["post-28830","post","type-post","status-publish","format-standard","hentry","category-campeonatos-historicos","category-espirito-santo","category-jogos-historicos"],"_links":{"self":[{"href":"https:\/\/arquivosfutebolbrasil.com.br\/blog\/wp-json\/wp\/v2\/posts\/28830"}],"collection":[{"href":"https:\/\/arquivosfutebolbrasil.com.br\/blog\/wp-json\/wp\/v2\/posts"}],"about":[{"href":"https:\/\/arquivosfutebolbrasil.com.br\/blog\/wp-json\/wp\/v2\/types\/post"}],"author":[{"embeddable":true,"href":"https:\/\/arquivosfutebolbrasil.com.br\/blog\/wp-json\/wp\/v2\/users\/2"}],"replies":[{"embeddable":true,"href":"https:\/\/arquivosfutebolbrasil.com.br\/blog\/wp-json\/wp\/v2\/comments?post=28830"}],"version-history":[{"count":1,"href":"https:\/\/arquivosfutebolbrasil.com.br\/blog\/wp-json\/wp\/v2\/posts\/28830\/revisions"}],"predecessor-version":[{"id":28831,"href":"https:\/\/arquivosfutebolbrasil.com.br\/blog\/wp-json\/wp\/v2\/posts\/28830\/revisions\/28831"}],"wp:attachment":[{"href":"https:\/\/arquivosfutebolbrasil.com.br\/blog\/wp-json\/wp\/v2\/media?parent=28830"}],"wp:term":[{"taxonomy":"category","embeddable":true,"href":"https:\/\/arquivosfutebolbrasil.com.br\/blog\/wp-json\/wp\/v2\/categories?post=28830"},{"taxonomy":"post_tag","embeddable":true,"href":"https:\/\/arquivosfutebolbrasil.com.br\/blog\/wp-json\/wp\/v2\/tags?post=28830"}],"curies":[{"name":"wp","href":"https:\/\/api.w.org\/{rel}","templated":true}]}}