{"id":28689,"date":"2023-12-16T05:27:17","date_gmt":"2023-12-16T08:27:17","guid":{"rendered":"https:\/\/arquivosfutebolbrasil.com.br\/blog\/?p=28689"},"modified":"2023-12-16T05:27:18","modified_gmt":"2023-12-16T08:27:18","slug":"jogo-historico-almirante-barroso-sc-x-guarany-sc","status":"publish","type":"post","link":"https:\/\/arquivosfutebolbrasil.com.br\/blog\/2023\/12\/16\/jogo-historico-almirante-barroso-sc-x-guarany-sc\/","title":{"rendered":"Jogo Hist\u00f3rico &#8211; Almirante Barroso (SC) x Guarany (SC)"},"content":{"rendered":"\n<p><strong>CN Almirante Barroso (Itaja\u00ed &#8211; SC) 4&#215;2 GA Guarany (Lages &#8211; SC)<\/strong><br>Data: 03 de mar\u00e7o de 1963<br>Local: Itaja\u00ed &#8211; SC<br>Car\u00e1ter: Campeonato Catarinense &#8211; 1962<br>\u00c1rbitro: Juarez Garbelotto<br>Gols: Mima (2), Deba, Dante (contra), Narbal e Valdir<br>Almirante Barroso: Leibnitz, Roberto, Antenor, Zequinha e Morelli; Nelinho (Zito) e Luizinho; H\u00e9lio, Mima, Deba e Banudo<br>Guarany: Ad\u00edlio (Orly), Dante (Edmir), Z\u00e9 Ot\u00e1vio, Nade e Pel\u00e9; Gonzo e Narbal; Pilila, Zilvio, Valdir e Carlinhos<\/p>\n\n\n\n<p>Fonte: Julio Bovi Diogo<\/p>\n","protected":false},"excerpt":{"rendered":"<p>CN Almirante Barroso (Itaja\u00ed &#8211; SC) 4&#215;2 GA Guarany (Lages &#8211; SC)Data: 03 de mar\u00e7o de 1963Local: Itaja\u00ed &#8211; SCCar\u00e1ter: Campeonato Catarinense &#8211; 1962\u00c1rbitro: Juarez GarbelottoGols: Mima (2), Deba, Dante (contra), Narbal e ValdirAlmirante Barroso: Leibnitz, Roberto, Antenor, Zequinha e Morelli; Nelinho (Zito) e Luizinho; H\u00e9lio, Mima, Deba e BanudoGuarany: Ad\u00edlio (Orly), Dante (Edmir), Z\u00e9 [&hellip;]<\/p>\n","protected":false},"author":2,"featured_media":0,"comment_status":"open","ping_status":"open","sticky":false,"template":"","format":"standard","meta":{"footnotes":""},"categories":[48,47,36],"tags":[],"class_list":["post-28689","post","type-post","status-publish","format-standard","hentry","category-campeonatos-historicos","category-jogos-historicos","category-santa-catarina"],"_links":{"self":[{"href":"https:\/\/arquivosfutebolbrasil.com.br\/blog\/wp-json\/wp\/v2\/posts\/28689"}],"collection":[{"href":"https:\/\/arquivosfutebolbrasil.com.br\/blog\/wp-json\/wp\/v2\/posts"}],"about":[{"href":"https:\/\/arquivosfutebolbrasil.com.br\/blog\/wp-json\/wp\/v2\/types\/post"}],"author":[{"embeddable":true,"href":"https:\/\/arquivosfutebolbrasil.com.br\/blog\/wp-json\/wp\/v2\/users\/2"}],"replies":[{"embeddable":true,"href":"https:\/\/arquivosfutebolbrasil.com.br\/blog\/wp-json\/wp\/v2\/comments?post=28689"}],"version-history":[{"count":1,"href":"https:\/\/arquivosfutebolbrasil.com.br\/blog\/wp-json\/wp\/v2\/posts\/28689\/revisions"}],"predecessor-version":[{"id":28690,"href":"https:\/\/arquivosfutebolbrasil.com.br\/blog\/wp-json\/wp\/v2\/posts\/28689\/revisions\/28690"}],"wp:attachment":[{"href":"https:\/\/arquivosfutebolbrasil.com.br\/blog\/wp-json\/wp\/v2\/media?parent=28689"}],"wp:term":[{"taxonomy":"category","embeddable":true,"href":"https:\/\/arquivosfutebolbrasil.com.br\/blog\/wp-json\/wp\/v2\/categories?post=28689"},{"taxonomy":"post_tag","embeddable":true,"href":"https:\/\/arquivosfutebolbrasil.com.br\/blog\/wp-json\/wp\/v2\/tags?post=28689"}],"curies":[{"name":"wp","href":"https:\/\/api.w.org\/{rel}","templated":true}]}}