{"id":28594,"date":"2023-12-01T20:25:37","date_gmt":"2023-12-01T23:25:37","guid":{"rendered":"https:\/\/arquivosfutebolbrasil.com.br\/blog\/?p=28594"},"modified":"2023-11-30T20:28:11","modified_gmt":"2023-11-30T23:28:11","slug":"jogo-historico-sergipe-se-x-socialista-se","status":"publish","type":"post","link":"https:\/\/arquivosfutebolbrasil.com.br\/blog\/2023\/12\/01\/jogo-historico-sergipe-se-x-socialista-se\/","title":{"rendered":"Jogo Hist\u00f3rico &#8211; Sergipe (SE) x Socialista (SE)"},"content":{"rendered":"\n<p><strong>CS Sergipe (Aracaju &#8211; SE) 2&#215;1 Socialista SC (Maruim &#8211; SE)<\/strong><br>Data: 08 de setembro de 1968<br>Local: Aracaju &#8211; SE<br>Car\u00e1ter: Campeonato Sergipano &#8211; 1968<br>\u00c1rbitro: Crist\u00f3v\u00e3o Junot<br>Gols: Jurinha, Walmir e Giraldo<br>Sergipe: Capit\u00e3o, Dod\u00f3, Z\u00e9 Carlos, M\u00e1rio e Ruy; Z\u00e9 Pequeno e Joel; Chico (Walmir), Jurinha, Carol e Jorgeval<br>Socialista: Luiz Gonzaga, Zelito, Toinho, Benedito (Carlos) e Zequinha; Sacy e Neo; Paloco, Duda, Giraldo e Nilson<\/p>\n\n\n\n<p>Fonte: Julio Bovi Diogo<\/p>\n","protected":false},"excerpt":{"rendered":"<p>CS Sergipe (Aracaju &#8211; SE) 2&#215;1 Socialista SC (Maruim &#8211; SE)Data: 08 de setembro de 1968Local: Aracaju &#8211; SECar\u00e1ter: Campeonato Sergipano &#8211; 1968\u00c1rbitro: Crist\u00f3v\u00e3o JunotGols: Jurinha, Walmir e GiraldoSergipe: Capit\u00e3o, Dod\u00f3, Z\u00e9 Carlos, M\u00e1rio e Ruy; Z\u00e9 Pequeno e Joel; Chico (Walmir), Jurinha, Carol e JorgevalSocialista: Luiz Gonzaga, Zelito, Toinho, Benedito (Carlos) e Zequinha; Sacy [&hellip;]<\/p>\n","protected":false},"author":2,"featured_media":0,"comment_status":"open","ping_status":"open","sticky":false,"template":"","format":"standard","meta":{"footnotes":""},"categories":[48,47,37],"tags":[],"class_list":["post-28594","post","type-post","status-publish","format-standard","hentry","category-campeonatos-historicos","category-jogos-historicos","category-sergipe"],"_links":{"self":[{"href":"https:\/\/arquivosfutebolbrasil.com.br\/blog\/wp-json\/wp\/v2\/posts\/28594"}],"collection":[{"href":"https:\/\/arquivosfutebolbrasil.com.br\/blog\/wp-json\/wp\/v2\/posts"}],"about":[{"href":"https:\/\/arquivosfutebolbrasil.com.br\/blog\/wp-json\/wp\/v2\/types\/post"}],"author":[{"embeddable":true,"href":"https:\/\/arquivosfutebolbrasil.com.br\/blog\/wp-json\/wp\/v2\/users\/2"}],"replies":[{"embeddable":true,"href":"https:\/\/arquivosfutebolbrasil.com.br\/blog\/wp-json\/wp\/v2\/comments?post=28594"}],"version-history":[{"count":1,"href":"https:\/\/arquivosfutebolbrasil.com.br\/blog\/wp-json\/wp\/v2\/posts\/28594\/revisions"}],"predecessor-version":[{"id":28595,"href":"https:\/\/arquivosfutebolbrasil.com.br\/blog\/wp-json\/wp\/v2\/posts\/28594\/revisions\/28595"}],"wp:attachment":[{"href":"https:\/\/arquivosfutebolbrasil.com.br\/blog\/wp-json\/wp\/v2\/media?parent=28594"}],"wp:term":[{"taxonomy":"category","embeddable":true,"href":"https:\/\/arquivosfutebolbrasil.com.br\/blog\/wp-json\/wp\/v2\/categories?post=28594"},{"taxonomy":"post_tag","embeddable":true,"href":"https:\/\/arquivosfutebolbrasil.com.br\/blog\/wp-json\/wp\/v2\/tags?post=28594"}],"curies":[{"name":"wp","href":"https:\/\/api.w.org\/{rel}","templated":true}]}}