{"id":28574,"date":"2023-11-27T08:53:01","date_gmt":"2023-11-27T11:53:01","guid":{"rendered":"https:\/\/arquivosfutebolbrasil.com.br\/blog\/?p=28574"},"modified":"2023-11-26T08:53:32","modified_gmt":"2023-11-26T11:53:32","slug":"jogo-historico-costeira-rj-x-brasil-rj","status":"publish","type":"post","link":"https:\/\/arquivosfutebolbrasil.com.br\/blog\/2023\/11\/27\/jogo-historico-costeira-rj-x-brasil-rj\/","title":{"rendered":"Jogo Hist\u00f3rico &#8211; Costeira (RJ) x Brasil (RJ)"},"content":{"rendered":"\n<p><strong>EC Costeira (Niter\u00f3i &#8211; RJ) 2&#215;2 EC Brasil (Itabora\u00ed &#8211; RJ)<\/strong><br>Data: 27 de agosto de 1967<br>Local: Itabora\u00ed &#8211; RJ<br>Car\u00e1ter: Amistoso Nacional<br>\u00c1rbitro: Aza\u00edas Nogueira<br>Gols: Geraldo, Ari, Leudemir e D\u00e1rcio<br>Costeira: S\u00e9rgio, Amilson, Esteves, Jorge e Lili; Geraldo e Ivan; Marinho, Ari, Nilton (Batista) e Betinho<br>Brasil: Benedito, Zico, Lalau, Janj\u00e3o e Daniel; Lourival e Altair; Paulo, D\u00e1rcio, Jo\u00e3o e Leudemir<\/p>\n\n\n\n<p>Fonte: Julio Bovi Diogo<\/p>\n","protected":false},"excerpt":{"rendered":"<p>EC Costeira (Niter\u00f3i &#8211; RJ) 2&#215;2 EC Brasil (Itabora\u00ed &#8211; RJ)Data: 27 de agosto de 1967Local: Itabora\u00ed &#8211; RJCar\u00e1ter: Amistoso Nacional\u00c1rbitro: Aza\u00edas NogueiraGols: Geraldo, Ari, Leudemir e D\u00e1rcioCosteira: S\u00e9rgio, Amilson, Esteves, Jorge e Lili; Geraldo e Ivan; Marinho, Ari, Nilton (Batista) e BetinhoBrasil: Benedito, Zico, Lalau, Janj\u00e3o e Daniel; Lourival e Altair; Paulo, D\u00e1rcio, Jo\u00e3o [&hellip;]<\/p>\n","protected":false},"author":2,"featured_media":0,"comment_status":"open","ping_status":"open","sticky":false,"template":"","format":"standard","meta":{"footnotes":""},"categories":[46,47,29],"tags":[],"class_list":["post-28574","post","type-post","status-publish","format-standard","hentry","category-jogos-amistosos-nacionais","category-jogos-historicos","category-rio-de-janeiro"],"_links":{"self":[{"href":"https:\/\/arquivosfutebolbrasil.com.br\/blog\/wp-json\/wp\/v2\/posts\/28574"}],"collection":[{"href":"https:\/\/arquivosfutebolbrasil.com.br\/blog\/wp-json\/wp\/v2\/posts"}],"about":[{"href":"https:\/\/arquivosfutebolbrasil.com.br\/blog\/wp-json\/wp\/v2\/types\/post"}],"author":[{"embeddable":true,"href":"https:\/\/arquivosfutebolbrasil.com.br\/blog\/wp-json\/wp\/v2\/users\/2"}],"replies":[{"embeddable":true,"href":"https:\/\/arquivosfutebolbrasil.com.br\/blog\/wp-json\/wp\/v2\/comments?post=28574"}],"version-history":[{"count":1,"href":"https:\/\/arquivosfutebolbrasil.com.br\/blog\/wp-json\/wp\/v2\/posts\/28574\/revisions"}],"predecessor-version":[{"id":28575,"href":"https:\/\/arquivosfutebolbrasil.com.br\/blog\/wp-json\/wp\/v2\/posts\/28574\/revisions\/28575"}],"wp:attachment":[{"href":"https:\/\/arquivosfutebolbrasil.com.br\/blog\/wp-json\/wp\/v2\/media?parent=28574"}],"wp:term":[{"taxonomy":"category","embeddable":true,"href":"https:\/\/arquivosfutebolbrasil.com.br\/blog\/wp-json\/wp\/v2\/categories?post=28574"},{"taxonomy":"post_tag","embeddable":true,"href":"https:\/\/arquivosfutebolbrasil.com.br\/blog\/wp-json\/wp\/v2\/tags?post=28574"}],"curies":[{"name":"wp","href":"https:\/\/api.w.org\/{rel}","templated":true}]}}