{"id":28441,"date":"2023-11-17T05:57:23","date_gmt":"2023-11-17T08:57:23","guid":{"rendered":"https:\/\/arquivosfutebolbrasil.com.br\/blog\/?p=28441"},"modified":"2023-11-17T05:57:23","modified_gmt":"2023-11-17T08:57:23","slug":"campeonato-catarinense-de-amadores-2023","status":"publish","type":"post","link":"https:\/\/arquivosfutebolbrasil.com.br\/blog\/2023\/11\/17\/campeonato-catarinense-de-amadores-2023\/","title":{"rendered":"Campeonato Catarinense de Amadores &#8211; 2023"},"content":{"rendered":"\n<p><strong>Equipes Participantes:<\/strong><\/p>\n\n\n\n<p>Associa\u00e7\u00e3o Esportiva Alian\u00e7a (S\u00e3o Jo\u00e3o do Oeste &#8211; SC)<br>Associa\u00e7\u00e3o Esportiva Floresta (Pomerode &#8211; SC)<br>Gr\u00eamio Esportivo Metropolitano (Nova Veneza &#8211; SC)<br>Juventus Futebol Clube (Joinville &#8211; SC)<br>N\u00e1utico Futebol Clube (Florian\u00f3polis &#8211; SC)<br>Ra\u00e7a Futebol Clube (Palho\u00e7a &#8211; SC)<br>Sociedade Esportiva Recreativa Internacional (Peritiba &#8211; SC)<br>Turvo Esporte Clube (Turvo &#8211; SC)<\/p>\n\n\n\n<p><strong>Quartas de Final<\/strong><\/p>\n\n\n\n<p>09.09.2023<br>Metropolitano 4&#215;1 Floresta, em Pomerode<br>Internacional 3&#215;2 Turvo, em Turvo<br>10.09.2023<br>Alian\u00e7a 3&#215;1 N\u00e1utico, em S\u00e3o Jo\u00e3o do Oeste<br>Ra\u00e7a 1&#215;1 Juventus, em Palho\u00e7a<br>23.09.2023<br>Internacional 2&#215;1 Turvo, em Peritiba<br>Juventus 3&#215;1 Ra\u00e7a, em Joinville<br>24.09.2023<br>Metropolitano 2&#215;0 Floresta, em Nova Veneza<br>N\u00e1utico 3&#215;0 Alian\u00e7a, em Florian\u00f3polis<\/p>\n\n\n\n<p><strong>Semi Final<\/strong><\/p>\n\n\n\n<p>14.10.2023<br>Metropolitano 2&#215;0 Internacional, em Peritiba<br>15.10.2023<br>N\u00e1utico 2&#215;1 Juventus, em Florian\u00f3polis<br>21.10.2023<br>Metropolitano 4&#215;1 Internacional, em Nova Veneza<br>22.10.2023<br>Juventus 2&#215;1 N\u00e1utico (6&#215;5 pen), em Joinville<\/p>\n\n\n\n<p><strong>Final<\/strong><\/p>\n\n\n\n<p>29.10.2023<br>Metropolitano 4&#215;0 Juventus, em Joinville<br>05.11.2023<br>Metropolitano 3&#215;0 Juventus, em Nova Veneza<\/p>\n\n\n<div class=\"wp-block-image\">\n<figure class=\"aligncenter size-full is-resized\"><img loading=\"lazy\" decoding=\"async\" src=\"https:\/\/arquivosfutebolbrasil.com.br\/blog\/wp-content\/uploads\/2023\/11\/image-14.png\" alt=\"\" class=\"wp-image-28442\" width=\"142\" height=\"147\"\/><\/figure><\/div>\n\n\n<p>Campe\u00e3o &#8211; Gr\u00eamio Esportivo Metropolitano (Nova Veneza &#8211; SC)<\/p>\n\n\n\n<p>Fonte: tanofilo.com.br e Julio Bovi Diogo<\/p>\n","protected":false},"excerpt":{"rendered":"<p>Equipes Participantes: Associa\u00e7\u00e3o Esportiva Alian\u00e7a (S\u00e3o Jo\u00e3o do Oeste &#8211; SC)Associa\u00e7\u00e3o Esportiva Floresta (Pomerode &#8211; SC)Gr\u00eamio Esportivo Metropolitano (Nova Veneza &#8211; SC)Juventus Futebol Clube (Joinville &#8211; SC)N\u00e1utico Futebol Clube (Florian\u00f3polis &#8211; SC)Ra\u00e7a Futebol Clube (Palho\u00e7a &#8211; SC)Sociedade Esportiva Recreativa Internacional (Peritiba &#8211; SC)Turvo Esporte Clube (Turvo &#8211; SC) Quartas de Final 09.09.2023Metropolitano 4&#215;1 Floresta, em [&hellip;]<\/p>\n","protected":false},"author":2,"featured_media":0,"comment_status":"open","ping_status":"open","sticky":false,"template":"","format":"standard","meta":{"footnotes":""},"categories":[48,49,47,36],"tags":[],"class_list":["post-28441","post","type-post","status-publish","format-standard","hentry","category-campeonatos-historicos","category-futebol-amador-varzeano","category-jogos-historicos","category-santa-catarina"],"_links":{"self":[{"href":"https:\/\/arquivosfutebolbrasil.com.br\/blog\/wp-json\/wp\/v2\/posts\/28441"}],"collection":[{"href":"https:\/\/arquivosfutebolbrasil.com.br\/blog\/wp-json\/wp\/v2\/posts"}],"about":[{"href":"https:\/\/arquivosfutebolbrasil.com.br\/blog\/wp-json\/wp\/v2\/types\/post"}],"author":[{"embeddable":true,"href":"https:\/\/arquivosfutebolbrasil.com.br\/blog\/wp-json\/wp\/v2\/users\/2"}],"replies":[{"embeddable":true,"href":"https:\/\/arquivosfutebolbrasil.com.br\/blog\/wp-json\/wp\/v2\/comments?post=28441"}],"version-history":[{"count":1,"href":"https:\/\/arquivosfutebolbrasil.com.br\/blog\/wp-json\/wp\/v2\/posts\/28441\/revisions"}],"predecessor-version":[{"id":28443,"href":"https:\/\/arquivosfutebolbrasil.com.br\/blog\/wp-json\/wp\/v2\/posts\/28441\/revisions\/28443"}],"wp:attachment":[{"href":"https:\/\/arquivosfutebolbrasil.com.br\/blog\/wp-json\/wp\/v2\/media?parent=28441"}],"wp:term":[{"taxonomy":"category","embeddable":true,"href":"https:\/\/arquivosfutebolbrasil.com.br\/blog\/wp-json\/wp\/v2\/categories?post=28441"},{"taxonomy":"post_tag","embeddable":true,"href":"https:\/\/arquivosfutebolbrasil.com.br\/blog\/wp-json\/wp\/v2\/tags?post=28441"}],"curies":[{"name":"wp","href":"https:\/\/api.w.org\/{rel}","templated":true}]}}