{"id":2842,"date":"2019-11-28T14:54:00","date_gmt":"2019-11-28T17:54:00","guid":{"rendered":"https:\/\/arquivosfutebolbrasil.com.br\/blog\/?p=2842"},"modified":"2019-11-27T14:55:07","modified_gmt":"2019-11-27T17:55:07","slug":"torneio-inicio-cearense-1940","status":"publish","type":"post","link":"https:\/\/arquivosfutebolbrasil.com.br\/blog\/2019\/11\/28\/torneio-inicio-cearense-1940\/","title":{"rendered":"Torneio In\u00edcio Cearense &#8211; 1940"},"content":{"rendered":"\n<p>Data: 28 de Abril de 1940<br>\nLocal: Campo do Prado, em Fortaleza &#8211; CE<\/p>\n\n\n\n<p>1\u00ba Jogo &#8211; Ferrovi\u00e1rio 1&#215;1 Cear\u00e1 (1&#215;0 esc)<br>\n2\u00ba Jogo &#8211; Am\u00e9rica 2&#215;0 Pe\u00f1arol<br>\n3\u00ba Jogo &#8211; Fortaleza 2&#215;0 Tramways<br>\n4\u00ba Jogo &#8211; Ferrovi\u00e1rio 2&#215;1 Maguari<br>\n5\u00ba Jogo &#8211; Fortaleza 4&#215;1 Am\u00e9rica<br>\nFinal &#8211; Ferrovi\u00e1rio 2&#215;1 Fortaleza<\/p>\n\n\n\n<p>Campe\u00e3o &#8211; Ferrovi\u00e1rio Atl\u00e9tico Clube (Fortaleza &#8211; CE)<\/p>\n\n\n\n<p>Fonte: Jornal O Povo \/ CE<\/p>\n\r\n","protected":false},"excerpt":{"rendered":"<p>Data: 28 de Abril de 1940 Local: Campo do Prado, em Fortaleza &#8211; CE 1\u00ba Jogo &#8211; Ferrovi\u00e1rio 1&#215;1 Cear\u00e1 (1&#215;0 esc) 2\u00ba Jogo &#8211; Am\u00e9rica 2&#215;0 Pe\u00f1arol 3\u00ba Jogo &#8211; Fortaleza 2&#215;0 Tramways 4\u00ba Jogo &#8211; Ferrovi\u00e1rio 2&#215;1 Maguari 5\u00ba Jogo &#8211; Fortaleza 4&#215;1 Am\u00e9rica Final &#8211; Ferrovi\u00e1rio 2&#215;1 Fortaleza Campe\u00e3o &#8211; Ferrovi\u00e1rio Atl\u00e9tico [&hellip;]<\/p>\n","protected":false},"author":2,"featured_media":0,"comment_status":"open","ping_status":"open","sticky":false,"template":"","format":"standard","meta":{"footnotes":""},"categories":[48,16],"tags":[],"class_list":["post-2842","post","type-post","status-publish","format-standard","hentry","category-campeonatos-historicos","category-ceara"],"_links":{"self":[{"href":"https:\/\/arquivosfutebolbrasil.com.br\/blog\/wp-json\/wp\/v2\/posts\/2842"}],"collection":[{"href":"https:\/\/arquivosfutebolbrasil.com.br\/blog\/wp-json\/wp\/v2\/posts"}],"about":[{"href":"https:\/\/arquivosfutebolbrasil.com.br\/blog\/wp-json\/wp\/v2\/types\/post"}],"author":[{"embeddable":true,"href":"https:\/\/arquivosfutebolbrasil.com.br\/blog\/wp-json\/wp\/v2\/users\/2"}],"replies":[{"embeddable":true,"href":"https:\/\/arquivosfutebolbrasil.com.br\/blog\/wp-json\/wp\/v2\/comments?post=2842"}],"version-history":[{"count":1,"href":"https:\/\/arquivosfutebolbrasil.com.br\/blog\/wp-json\/wp\/v2\/posts\/2842\/revisions"}],"predecessor-version":[{"id":2843,"href":"https:\/\/arquivosfutebolbrasil.com.br\/blog\/wp-json\/wp\/v2\/posts\/2842\/revisions\/2843"}],"wp:attachment":[{"href":"https:\/\/arquivosfutebolbrasil.com.br\/blog\/wp-json\/wp\/v2\/media?parent=2842"}],"wp:term":[{"taxonomy":"category","embeddable":true,"href":"https:\/\/arquivosfutebolbrasil.com.br\/blog\/wp-json\/wp\/v2\/categories?post=2842"},{"taxonomy":"post_tag","embeddable":true,"href":"https:\/\/arquivosfutebolbrasil.com.br\/blog\/wp-json\/wp\/v2\/tags?post=2842"}],"curies":[{"name":"wp","href":"https:\/\/api.w.org\/{rel}","templated":true}]}}