{"id":28405,"date":"2023-11-16T15:20:31","date_gmt":"2023-11-16T18:20:31","guid":{"rendered":"https:\/\/arquivosfutebolbrasil.com.br\/blog\/?p=28405"},"modified":"2023-11-16T15:20:32","modified_gmt":"2023-11-16T18:20:32","slug":"livro-almanaque-61-anos-da-aguia","status":"publish","type":"post","link":"https:\/\/arquivosfutebolbrasil.com.br\/blog\/2023\/11\/16\/livro-almanaque-61-anos-da-aguia\/","title":{"rendered":"Livro: &#8220;Almanaque &#8211; 61 Anos da \u00c1guia&#8221;"},"content":{"rendered":"<div class=\"wp-block-image\">\n<figure class=\"aligncenter size-full is-resized\"><img loading=\"lazy\" decoding=\"async\" src=\"https:\/\/arquivosfutebolbrasil.com.br\/blog\/wp-content\/uploads\/2023\/11\/image-11.png\" alt=\"\" class=\"wp-image-28406\" width=\"438\" height=\"616\" srcset=\"https:\/\/arquivosfutebolbrasil.com.br\/blog\/wp-content\/uploads\/2023\/11\/image-11.png 508w, https:\/\/arquivosfutebolbrasil.com.br\/blog\/wp-content\/uploads\/2023\/11\/image-11-213x300.png 213w\" sizes=\"(max-width: 438px) 100vw, 438px\" \/><\/figure><\/div>\n\n\n<p>O livro conta a trajet\u00f3ria do Banc\u00e1ria que posteriormente mudou o nome para Fernand\u00f3polis Futebol Clube. Os interessados em adquirir um exemplar devem entrar em contato com o autor atrav\u00e9s do whatssapp: 17-996628200<\/p>\n","protected":false},"excerpt":{"rendered":"<p>O livro conta a trajet\u00f3ria do Banc\u00e1ria que posteriormente mudou o nome para Fernand\u00f3polis Futebol Clube. Os interessados em adquirir um exemplar devem entrar em contato com o autor atrav\u00e9s do whatssapp: 17-996628200<\/p>\n","protected":false},"author":2,"featured_media":0,"comment_status":"open","ping_status":"open","sticky":false,"template":"","format":"standard","meta":{"footnotes":""},"categories":[52,35],"tags":[],"class_list":["post-28405","post","type-post","status-publish","format-standard","hentry","category-livros-videos-biblioteca-virtual","category-sao-paulo"],"_links":{"self":[{"href":"https:\/\/arquivosfutebolbrasil.com.br\/blog\/wp-json\/wp\/v2\/posts\/28405"}],"collection":[{"href":"https:\/\/arquivosfutebolbrasil.com.br\/blog\/wp-json\/wp\/v2\/posts"}],"about":[{"href":"https:\/\/arquivosfutebolbrasil.com.br\/blog\/wp-json\/wp\/v2\/types\/post"}],"author":[{"embeddable":true,"href":"https:\/\/arquivosfutebolbrasil.com.br\/blog\/wp-json\/wp\/v2\/users\/2"}],"replies":[{"embeddable":true,"href":"https:\/\/arquivosfutebolbrasil.com.br\/blog\/wp-json\/wp\/v2\/comments?post=28405"}],"version-history":[{"count":1,"href":"https:\/\/arquivosfutebolbrasil.com.br\/blog\/wp-json\/wp\/v2\/posts\/28405\/revisions"}],"predecessor-version":[{"id":28407,"href":"https:\/\/arquivosfutebolbrasil.com.br\/blog\/wp-json\/wp\/v2\/posts\/28405\/revisions\/28407"}],"wp:attachment":[{"href":"https:\/\/arquivosfutebolbrasil.com.br\/blog\/wp-json\/wp\/v2\/media?parent=28405"}],"wp:term":[{"taxonomy":"category","embeddable":true,"href":"https:\/\/arquivosfutebolbrasil.com.br\/blog\/wp-json\/wp\/v2\/categories?post=28405"},{"taxonomy":"post_tag","embeddable":true,"href":"https:\/\/arquivosfutebolbrasil.com.br\/blog\/wp-json\/wp\/v2\/tags?post=28405"}],"curies":[{"name":"wp","href":"https:\/\/api.w.org\/{rel}","templated":true}]}}