{"id":28356,"date":"2023-11-14T21:11:04","date_gmt":"2023-11-15T00:11:04","guid":{"rendered":"https:\/\/arquivosfutebolbrasil.com.br\/blog\/?p=28356"},"modified":"2023-11-14T21:11:05","modified_gmt":"2023-11-15T00:11:05","slug":"jogo-historico-gloria-sc-x-blumenauense-sc","status":"publish","type":"post","link":"https:\/\/arquivosfutebolbrasil.com.br\/blog\/2023\/11\/14\/jogo-historico-gloria-sc-x-blumenauense-sc\/","title":{"rendered":"Jogo Hist\u00f3rico &#8211; Gl\u00f3ria (SC) x Blumenauense (SC)"},"content":{"rendered":"\n<p><strong>Gl\u00f3ria FC (Joinville &#8211; SC) 2&#215;2 SD Blumenauense (Blumenau &#8211; SC)<\/strong><br>Data: 09 de setembro de 1934<br>Local: Joinville &#8211; SC<br>Car\u00e1ter: Amistoso Nacional<br>\u00c1rbitro: Rodolpho Borges<br>Gols: Fischer II, Zequinha, Arnaldo e Saquinho<br>Gl\u00f3ria: Jacozinho, Meuny e Kruger I; Vidal, Pedro e Kruger II; Fischer II, Cust\u00f3dio, Saquinho, Fischer I e Tutinha<br>Blumenauense: Koenig, Tilinho e Guido; Sengler, Radtke e Tigl; Zequinha, Arnaldo, Natal, Reeck e Schadrack<\/p>\n\n\n\n<p>Fonte: Dejair Fernandes<\/p>\n","protected":false},"excerpt":{"rendered":"<p>Gl\u00f3ria FC (Joinville &#8211; SC) 2&#215;2 SD Blumenauense (Blumenau &#8211; SC)Data: 09 de setembro de 1934Local: Joinville &#8211; SCCar\u00e1ter: Amistoso Nacional\u00c1rbitro: Rodolpho BorgesGols: Fischer II, Zequinha, Arnaldo e SaquinhoGl\u00f3ria: Jacozinho, Meuny e Kruger I; Vidal, Pedro e Kruger II; Fischer II, Cust\u00f3dio, Saquinho, Fischer I e TutinhaBlumenauense: Koenig, Tilinho e Guido; Sengler, Radtke e Tigl; [&hellip;]<\/p>\n","protected":false},"author":2,"featured_media":0,"comment_status":"open","ping_status":"open","sticky":false,"template":"","format":"standard","meta":{"footnotes":""},"categories":[46,47,36],"tags":[],"class_list":["post-28356","post","type-post","status-publish","format-standard","hentry","category-jogos-amistosos-nacionais","category-jogos-historicos","category-santa-catarina"],"_links":{"self":[{"href":"https:\/\/arquivosfutebolbrasil.com.br\/blog\/wp-json\/wp\/v2\/posts\/28356"}],"collection":[{"href":"https:\/\/arquivosfutebolbrasil.com.br\/blog\/wp-json\/wp\/v2\/posts"}],"about":[{"href":"https:\/\/arquivosfutebolbrasil.com.br\/blog\/wp-json\/wp\/v2\/types\/post"}],"author":[{"embeddable":true,"href":"https:\/\/arquivosfutebolbrasil.com.br\/blog\/wp-json\/wp\/v2\/users\/2"}],"replies":[{"embeddable":true,"href":"https:\/\/arquivosfutebolbrasil.com.br\/blog\/wp-json\/wp\/v2\/comments?post=28356"}],"version-history":[{"count":1,"href":"https:\/\/arquivosfutebolbrasil.com.br\/blog\/wp-json\/wp\/v2\/posts\/28356\/revisions"}],"predecessor-version":[{"id":28357,"href":"https:\/\/arquivosfutebolbrasil.com.br\/blog\/wp-json\/wp\/v2\/posts\/28356\/revisions\/28357"}],"wp:attachment":[{"href":"https:\/\/arquivosfutebolbrasil.com.br\/blog\/wp-json\/wp\/v2\/media?parent=28356"}],"wp:term":[{"taxonomy":"category","embeddable":true,"href":"https:\/\/arquivosfutebolbrasil.com.br\/blog\/wp-json\/wp\/v2\/categories?post=28356"},{"taxonomy":"post_tag","embeddable":true,"href":"https:\/\/arquivosfutebolbrasil.com.br\/blog\/wp-json\/wp\/v2\/tags?post=28356"}],"curies":[{"name":"wp","href":"https:\/\/api.w.org\/{rel}","templated":true}]}}