{"id":28315,"date":"2023-12-10T20:59:07","date_gmt":"2023-12-10T23:59:07","guid":{"rendered":"https:\/\/arquivosfutebolbrasil.com.br\/blog\/?p=28315"},"modified":"2023-11-12T20:59:49","modified_gmt":"2023-11-12T23:59:49","slug":"jogo-historico-america-rj-x-selecao-do-maranhao","status":"publish","type":"post","link":"https:\/\/arquivosfutebolbrasil.com.br\/blog\/2023\/12\/10\/jogo-historico-america-rj-x-selecao-do-maranhao\/","title":{"rendered":"Jogo Hist\u00f3rico &#8211; Am\u00e9rica (RJ) x Sele\u00e7\u00e3o do Maranh\u00e3o"},"content":{"rendered":"\n<p><strong>Am\u00e9rica FC (Rio de Janeiro &#8211; RJ) 6&#215;1 Sele\u00e7\u00e3o do Maranh\u00e3o<\/strong><br>Data: 14 de Janeiro de 1945<br>Local: S\u00e3o Lu\u00eds &#8211; MA<br>Gols: Esquerdinha (4), Maxwell, Lima e Galego<br>Am\u00e9rica: Dalmar; Osnir e Grita; Wilson, General e Amaro; China, \u00c1lvaro, Maxwell, Lima e Esquerdinha<br>Sele\u00e7\u00e3o do Maranh\u00e3o: China; Cacara\u00ed e Carapu\u00e7a; Batista, Frazio e Sandovalzinho; Galego, Zuza, Brand\u00e3o (Rebolo), Moreira e Manoelzinho<\/p>\n\n\n\n<p>Fonte: Manoel Raimundo do Amaral<\/p>\n","protected":false},"excerpt":{"rendered":"<p>Am\u00e9rica FC (Rio de Janeiro &#8211; RJ) 6&#215;1 Sele\u00e7\u00e3o do Maranh\u00e3oData: 14 de Janeiro de 1945Local: S\u00e3o Lu\u00eds &#8211; MAGols: Esquerdinha (4), Maxwell, Lima e GalegoAm\u00e9rica: Dalmar; Osnir e Grita; Wilson, General e Amaro; China, \u00c1lvaro, Maxwell, Lima e EsquerdinhaSele\u00e7\u00e3o do Maranh\u00e3o: China; Cacara\u00ed e Carapu\u00e7a; Batista, Frazio e Sandovalzinho; Galego, Zuza, Brand\u00e3o (Rebolo), Moreira [&hellip;]<\/p>\n","protected":false},"author":2,"featured_media":0,"comment_status":"open","ping_status":"open","sticky":false,"template":"","format":"standard","meta":{"footnotes":""},"categories":[53,46,47,20,29],"tags":[],"class_list":["post-28315","post","type-post","status-publish","format-standard","hentry","category-grandes-goleadas","category-jogos-amistosos-nacionais","category-jogos-historicos","category-maranhao","category-rio-de-janeiro"],"_links":{"self":[{"href":"https:\/\/arquivosfutebolbrasil.com.br\/blog\/wp-json\/wp\/v2\/posts\/28315"}],"collection":[{"href":"https:\/\/arquivosfutebolbrasil.com.br\/blog\/wp-json\/wp\/v2\/posts"}],"about":[{"href":"https:\/\/arquivosfutebolbrasil.com.br\/blog\/wp-json\/wp\/v2\/types\/post"}],"author":[{"embeddable":true,"href":"https:\/\/arquivosfutebolbrasil.com.br\/blog\/wp-json\/wp\/v2\/users\/2"}],"replies":[{"embeddable":true,"href":"https:\/\/arquivosfutebolbrasil.com.br\/blog\/wp-json\/wp\/v2\/comments?post=28315"}],"version-history":[{"count":1,"href":"https:\/\/arquivosfutebolbrasil.com.br\/blog\/wp-json\/wp\/v2\/posts\/28315\/revisions"}],"predecessor-version":[{"id":28316,"href":"https:\/\/arquivosfutebolbrasil.com.br\/blog\/wp-json\/wp\/v2\/posts\/28315\/revisions\/28316"}],"wp:attachment":[{"href":"https:\/\/arquivosfutebolbrasil.com.br\/blog\/wp-json\/wp\/v2\/media?parent=28315"}],"wp:term":[{"taxonomy":"category","embeddable":true,"href":"https:\/\/arquivosfutebolbrasil.com.br\/blog\/wp-json\/wp\/v2\/categories?post=28315"},{"taxonomy":"post_tag","embeddable":true,"href":"https:\/\/arquivosfutebolbrasil.com.br\/blog\/wp-json\/wp\/v2\/tags?post=28315"}],"curies":[{"name":"wp","href":"https:\/\/api.w.org\/{rel}","templated":true}]}}