{"id":28231,"date":"2023-11-12T06:13:18","date_gmt":"2023-11-12T09:13:18","guid":{"rendered":"https:\/\/arquivosfutebolbrasil.com.br\/blog\/?p=28231"},"modified":"2023-11-12T06:13:19","modified_gmt":"2023-11-12T09:13:19","slug":"jogo-historico-estrela-rs-x-sao-jose-rs","status":"publish","type":"post","link":"https:\/\/arquivosfutebolbrasil.com.br\/blog\/2023\/11\/12\/jogo-historico-estrela-rs-x-sao-jose-rs\/","title":{"rendered":"Jogo Hist\u00f3rico &#8211; Estrela (RS) x S\u00e3o Jos\u00e9 (RS)"},"content":{"rendered":"\n<p><strong>Estrela FC (Estrela &#8211; RS) 1&#215;0 EC S\u00e3o Jos\u00e9 (Porto Alegre &#8211; RS)<\/strong><br>Data: 15 de junho de 1980<br>Local: Porto Alegre \u2013 RS<br>Car\u00e1ter: Copa Governador do Estado &#8211; 1980<br>\u00c1rbitro: Itiber\u00ea Padilha<br>Gol: \u00canio<br>Estrela: Lib\u00f3rio, Da Costa, Leocir, Rog\u00e9rio, Ademir, Jair, Palito, \u00canio, Neno (Preguinho), Renato (Z\u00e9 Carlos) e Carlos Djair<br>S\u00e3o Jos\u00e9: Marcos, Herbert, Dit\u00e3o, Pingo e Bazuca; Renato (Leonel), Serginho e Vanderlei; Miltinho, Beto Afonso e Paulo (Toninho)<\/p>\n\n\n\n<p>Fonte: M\u00e1rio Passeto<\/p>\n","protected":false},"excerpt":{"rendered":"<p>Estrela FC (Estrela &#8211; RS) 1&#215;0 EC S\u00e3o Jos\u00e9 (Porto Alegre &#8211; RS)Data: 15 de junho de 1980Local: Porto Alegre \u2013 RSCar\u00e1ter: Copa Governador do Estado &#8211; 1980\u00c1rbitro: Itiber\u00ea PadilhaGol: \u00canioEstrela: Lib\u00f3rio, Da Costa, Leocir, Rog\u00e9rio, Ademir, Jair, Palito, \u00canio, Neno (Preguinho), Renato (Z\u00e9 Carlos) e Carlos DjairS\u00e3o Jos\u00e9: Marcos, Herbert, Dit\u00e3o, Pingo e Bazuca; [&hellip;]<\/p>\n","protected":false},"author":2,"featured_media":0,"comment_status":"open","ping_status":"open","sticky":false,"template":"","format":"standard","meta":{"footnotes":""},"categories":[48,47,32],"tags":[],"class_list":["post-28231","post","type-post","status-publish","format-standard","hentry","category-campeonatos-historicos","category-jogos-historicos","category-rio-grande-do-sul"],"_links":{"self":[{"href":"https:\/\/arquivosfutebolbrasil.com.br\/blog\/wp-json\/wp\/v2\/posts\/28231"}],"collection":[{"href":"https:\/\/arquivosfutebolbrasil.com.br\/blog\/wp-json\/wp\/v2\/posts"}],"about":[{"href":"https:\/\/arquivosfutebolbrasil.com.br\/blog\/wp-json\/wp\/v2\/types\/post"}],"author":[{"embeddable":true,"href":"https:\/\/arquivosfutebolbrasil.com.br\/blog\/wp-json\/wp\/v2\/users\/2"}],"replies":[{"embeddable":true,"href":"https:\/\/arquivosfutebolbrasil.com.br\/blog\/wp-json\/wp\/v2\/comments?post=28231"}],"version-history":[{"count":1,"href":"https:\/\/arquivosfutebolbrasil.com.br\/blog\/wp-json\/wp\/v2\/posts\/28231\/revisions"}],"predecessor-version":[{"id":28232,"href":"https:\/\/arquivosfutebolbrasil.com.br\/blog\/wp-json\/wp\/v2\/posts\/28231\/revisions\/28232"}],"wp:attachment":[{"href":"https:\/\/arquivosfutebolbrasil.com.br\/blog\/wp-json\/wp\/v2\/media?parent=28231"}],"wp:term":[{"taxonomy":"category","embeddable":true,"href":"https:\/\/arquivosfutebolbrasil.com.br\/blog\/wp-json\/wp\/v2\/categories?post=28231"},{"taxonomy":"post_tag","embeddable":true,"href":"https:\/\/arquivosfutebolbrasil.com.br\/blog\/wp-json\/wp\/v2\/tags?post=28231"}],"curies":[{"name":"wp","href":"https:\/\/api.w.org\/{rel}","templated":true}]}}