{"id":28183,"date":"2023-11-10T07:11:49","date_gmt":"2023-11-10T10:11:49","guid":{"rendered":"https:\/\/arquivosfutebolbrasil.com.br\/blog\/?p=28183"},"modified":"2023-11-10T07:11:50","modified_gmt":"2023-11-10T10:11:50","slug":"jogo-historico-leonico-ba-x-ypiranga-ba","status":"publish","type":"post","link":"https:\/\/arquivosfutebolbrasil.com.br\/blog\/2023\/11\/10\/jogo-historico-leonico-ba-x-ypiranga-ba\/","title":{"rendered":"Jogo Hist\u00f3rico &#8211; Le\u00f4nico (BA) x Ypiranga (BA)"},"content":{"rendered":"\n<p><strong>AD Le\u00f4nico (Salvador &#8211; BA) 2&#215;1 EC Ypiranga (Salvador &#8211; BA)<\/strong><br>Data: 27 de janeiro de 1973<br>Local: Est\u00e1dio Fonte Nova, em Salvador &#8211; BA<br>Car\u00e1ter: Campeonato Baiano &#8211; 1973<br>\u00c1rbitro: Anivaldo Magalh\u00e3es<br>Gols: Cabinho, Dilermando e Fred<br>Le\u00f4nico: Adilson; Careca (Petr\u00f4nio), Rabelo, Nelson e Sousa; Aurelino e Fred; Tirson, Nelson, Dilermando e Tel\u00e9<br>Ypiranga: Vieira; F\u00e9lix, Samuel, Santos e Florisvaldo; Br\u00edgido e Aliomar; Toninho, Vazinho, Zeca<br>e Cabinho<\/p>\n\n\n\n<p>Fonte: Julio Bovi Diogo<\/p>\n","protected":false},"excerpt":{"rendered":"<p>AD Le\u00f4nico (Salvador &#8211; BA) 2&#215;1 EC Ypiranga (Salvador &#8211; BA)Data: 27 de janeiro de 1973Local: Est\u00e1dio Fonte Nova, em Salvador &#8211; BACar\u00e1ter: Campeonato Baiano &#8211; 1973\u00c1rbitro: Anivaldo Magalh\u00e3esGols: Cabinho, Dilermando e FredLe\u00f4nico: Adilson; Careca (Petr\u00f4nio), Rabelo, Nelson e Sousa; Aurelino e Fred; Tirson, Nelson, Dilermando e Tel\u00e9Ypiranga: Vieira; F\u00e9lix, Samuel, Santos e Florisvaldo; Br\u00edgido [&hellip;]<\/p>\n","protected":false},"author":2,"featured_media":0,"comment_status":"open","ping_status":"open","sticky":false,"template":"","format":"standard","meta":{"footnotes":""},"categories":[15,48,47],"tags":[],"class_list":["post-28183","post","type-post","status-publish","format-standard","hentry","category-bahia","category-campeonatos-historicos","category-jogos-historicos"],"_links":{"self":[{"href":"https:\/\/arquivosfutebolbrasil.com.br\/blog\/wp-json\/wp\/v2\/posts\/28183"}],"collection":[{"href":"https:\/\/arquivosfutebolbrasil.com.br\/blog\/wp-json\/wp\/v2\/posts"}],"about":[{"href":"https:\/\/arquivosfutebolbrasil.com.br\/blog\/wp-json\/wp\/v2\/types\/post"}],"author":[{"embeddable":true,"href":"https:\/\/arquivosfutebolbrasil.com.br\/blog\/wp-json\/wp\/v2\/users\/2"}],"replies":[{"embeddable":true,"href":"https:\/\/arquivosfutebolbrasil.com.br\/blog\/wp-json\/wp\/v2\/comments?post=28183"}],"version-history":[{"count":1,"href":"https:\/\/arquivosfutebolbrasil.com.br\/blog\/wp-json\/wp\/v2\/posts\/28183\/revisions"}],"predecessor-version":[{"id":28184,"href":"https:\/\/arquivosfutebolbrasil.com.br\/blog\/wp-json\/wp\/v2\/posts\/28183\/revisions\/28184"}],"wp:attachment":[{"href":"https:\/\/arquivosfutebolbrasil.com.br\/blog\/wp-json\/wp\/v2\/media?parent=28183"}],"wp:term":[{"taxonomy":"category","embeddable":true,"href":"https:\/\/arquivosfutebolbrasil.com.br\/blog\/wp-json\/wp\/v2\/categories?post=28183"},{"taxonomy":"post_tag","embeddable":true,"href":"https:\/\/arquivosfutebolbrasil.com.br\/blog\/wp-json\/wp\/v2\/tags?post=28183"}],"curies":[{"name":"wp","href":"https:\/\/api.w.org\/{rel}","templated":true}]}}