{"id":28142,"date":"2023-11-08T20:08:45","date_gmt":"2023-11-08T23:08:45","guid":{"rendered":"https:\/\/arquivosfutebolbrasil.com.br\/blog\/?p=28142"},"modified":"2023-11-08T20:11:31","modified_gmt":"2023-11-08T23:11:31","slug":"jogo-historico-esperanca-rs-x-mundo-novo-rs","status":"publish","type":"post","link":"https:\/\/arquivosfutebolbrasil.com.br\/blog\/2023\/11\/08\/jogo-historico-esperanca-rs-x-mundo-novo-rs\/","title":{"rendered":"Jogo Hist\u00f3rico &#8211; Esperan\u00e7a (RS) x Mundo Novo (RS)"},"content":{"rendered":"\n<p><strong>Esperan\u00e7a FC (Novo Hamburgo &#8211; RS) 3&#215;1 EC Mundo Novo (Tr\u00eas Coroas &#8211; RS)<\/strong><br>Data: 13 de junho de 1965<br>Local: Novo Hamburgo &#8211; RS<br>Car\u00e1ter: Campeonato Ga\u00facho &#8211; 2\u00aa Divis\u00e3o &#8211; 1965<br>\u00c1rbitro: Nedo Brum Neves<br>Gols: Nelsinho, Maninho (2) e Braier<br>Esperan\u00e7a: Antoninho; Arno, F. Garcia, Blos e Ithon; Gradicha e Nelsinho; Chico, Neco, Maninho e Jo\u00e3o Brener<br>Mundo Novo: Raposa; Sibaldo, Jaime, Juli\u00e3o e Nadir; Lucas e Prego; Cajinho, Eus\u00e9bio, Braier e Aur\u00e9lio<\/p>\n\n\n\n<p>Fonte: Julio Bovi Diogo e Douglas Rambor<\/p>\n","protected":false},"excerpt":{"rendered":"<p>Esperan\u00e7a FC (Novo Hamburgo &#8211; RS) 3&#215;1 EC Mundo Novo (Tr\u00eas Coroas &#8211; RS)Data: 13 de junho de 1965Local: Novo Hamburgo &#8211; RSCar\u00e1ter: Campeonato Ga\u00facho &#8211; 2\u00aa Divis\u00e3o &#8211; 1965\u00c1rbitro: Nedo Brum NevesGols: Nelsinho, Maninho (2) e BraierEsperan\u00e7a: Antoninho; Arno, F. Garcia, Blos e Ithon; Gradicha e Nelsinho; Chico, Neco, Maninho e Jo\u00e3o BrenerMundo Novo: [&hellip;]<\/p>\n","protected":false},"author":2,"featured_media":0,"comment_status":"open","ping_status":"open","sticky":false,"template":"","format":"standard","meta":{"footnotes":""},"categories":[48,47,32],"tags":[],"class_list":["post-28142","post","type-post","status-publish","format-standard","hentry","category-campeonatos-historicos","category-jogos-historicos","category-rio-grande-do-sul"],"_links":{"self":[{"href":"https:\/\/arquivosfutebolbrasil.com.br\/blog\/wp-json\/wp\/v2\/posts\/28142"}],"collection":[{"href":"https:\/\/arquivosfutebolbrasil.com.br\/blog\/wp-json\/wp\/v2\/posts"}],"about":[{"href":"https:\/\/arquivosfutebolbrasil.com.br\/blog\/wp-json\/wp\/v2\/types\/post"}],"author":[{"embeddable":true,"href":"https:\/\/arquivosfutebolbrasil.com.br\/blog\/wp-json\/wp\/v2\/users\/2"}],"replies":[{"embeddable":true,"href":"https:\/\/arquivosfutebolbrasil.com.br\/blog\/wp-json\/wp\/v2\/comments?post=28142"}],"version-history":[{"count":2,"href":"https:\/\/arquivosfutebolbrasil.com.br\/blog\/wp-json\/wp\/v2\/posts\/28142\/revisions"}],"predecessor-version":[{"id":28146,"href":"https:\/\/arquivosfutebolbrasil.com.br\/blog\/wp-json\/wp\/v2\/posts\/28142\/revisions\/28146"}],"wp:attachment":[{"href":"https:\/\/arquivosfutebolbrasil.com.br\/blog\/wp-json\/wp\/v2\/media?parent=28142"}],"wp:term":[{"taxonomy":"category","embeddable":true,"href":"https:\/\/arquivosfutebolbrasil.com.br\/blog\/wp-json\/wp\/v2\/categories?post=28142"},{"taxonomy":"post_tag","embeddable":true,"href":"https:\/\/arquivosfutebolbrasil.com.br\/blog\/wp-json\/wp\/v2\/tags?post=28142"}],"curies":[{"name":"wp","href":"https:\/\/api.w.org\/{rel}","templated":true}]}}