{"id":28134,"date":"2023-11-15T18:09:13","date_gmt":"2023-11-15T21:09:13","guid":{"rendered":"https:\/\/arquivosfutebolbrasil.com.br\/blog\/?p=28134"},"modified":"2023-11-08T18:09:47","modified_gmt":"2023-11-08T21:09:47","slug":"jogo-historico-america-rj-x-bordeaux-franca","status":"publish","type":"post","link":"https:\/\/arquivosfutebolbrasil.com.br\/blog\/2023\/11\/15\/jogo-historico-america-rj-x-bordeaux-franca\/","title":{"rendered":"Jogo Hist\u00f3rico &#8211; Am\u00e9rica (RJ) x Bordeaux (Fran\u00e7a)"},"content":{"rendered":"\n<p><strong>Am\u00e9rica FC (Rio de Janeiro &#8211; RJ) 1&#215;0 Bordeaux (Fran\u00e7a)<\/strong><br>Data:29 de maio de 1953<br>Local: Argel &#8211; Arg\u00e9lia<br>Car\u00e1ter: Amistoso Internacional<br>\u00c1rbitro: n\u00e3o encontrado<br>Gol:Le\u00f4nidas<br>Am\u00e9rica: Osni;Joel e Osmar;Rubens,Osvaldinho e H\u00e9lio;Camelinho,Jo\u00e3o Carlos,Le\u00f4nidas,Vassil e Ferreira<br>Bordeaux: Villenave;Meynleu e Swiatek;Galice,Garfiga e Kubber;Tirbecky,Kargu e Abdsellem,Persillon e Harder<\/p>\n\n\n\n<p>Fonte: Julio Bovi Diogo<\/p>\n","protected":false},"excerpt":{"rendered":"<p>Am\u00e9rica FC (Rio de Janeiro &#8211; RJ) 1&#215;0 Bordeaux (Fran\u00e7a)Data:29 de maio de 1953Local: Argel &#8211; Arg\u00e9liaCar\u00e1ter: Amistoso Internacional\u00c1rbitro: n\u00e3o encontradoGol:Le\u00f4nidasAm\u00e9rica: Osni;Joel e Osmar;Rubens,Osvaldinho e H\u00e9lio;Camelinho,Jo\u00e3o Carlos,Le\u00f4nidas,Vassil e FerreiraBordeaux: Villenave;Meynleu e Swiatek;Galice,Garfiga e Kubber;Tirbecky,Kargu e Abdsellem,Persillon e Harder Fonte: Julio Bovi Diogo<\/p>\n","protected":false},"author":2,"featured_media":0,"comment_status":"open","ping_status":"open","sticky":false,"template":"","format":"standard","meta":{"footnotes":""},"categories":[42,47,29],"tags":[],"class_list":["post-28134","post","type-post","status-publish","format-standard","hentry","category-jogos-amistosos-internacionais","category-jogos-historicos","category-rio-de-janeiro"],"_links":{"self":[{"href":"https:\/\/arquivosfutebolbrasil.com.br\/blog\/wp-json\/wp\/v2\/posts\/28134"}],"collection":[{"href":"https:\/\/arquivosfutebolbrasil.com.br\/blog\/wp-json\/wp\/v2\/posts"}],"about":[{"href":"https:\/\/arquivosfutebolbrasil.com.br\/blog\/wp-json\/wp\/v2\/types\/post"}],"author":[{"embeddable":true,"href":"https:\/\/arquivosfutebolbrasil.com.br\/blog\/wp-json\/wp\/v2\/users\/2"}],"replies":[{"embeddable":true,"href":"https:\/\/arquivosfutebolbrasil.com.br\/blog\/wp-json\/wp\/v2\/comments?post=28134"}],"version-history":[{"count":1,"href":"https:\/\/arquivosfutebolbrasil.com.br\/blog\/wp-json\/wp\/v2\/posts\/28134\/revisions"}],"predecessor-version":[{"id":28135,"href":"https:\/\/arquivosfutebolbrasil.com.br\/blog\/wp-json\/wp\/v2\/posts\/28134\/revisions\/28135"}],"wp:attachment":[{"href":"https:\/\/arquivosfutebolbrasil.com.br\/blog\/wp-json\/wp\/v2\/media?parent=28134"}],"wp:term":[{"taxonomy":"category","embeddable":true,"href":"https:\/\/arquivosfutebolbrasil.com.br\/blog\/wp-json\/wp\/v2\/categories?post=28134"},{"taxonomy":"post_tag","embeddable":true,"href":"https:\/\/arquivosfutebolbrasil.com.br\/blog\/wp-json\/wp\/v2\/tags?post=28134"}],"curies":[{"name":"wp","href":"https:\/\/api.w.org\/{rel}","templated":true}]}}