{"id":28119,"date":"2023-11-09T09:51:00","date_gmt":"2023-11-09T12:51:00","guid":{"rendered":"https:\/\/arquivosfutebolbrasil.com.br\/blog\/?p=28119"},"modified":"2023-11-08T16:52:29","modified_gmt":"2023-11-08T19:52:29","slug":"jogo-historico-bonsucesso-rj-x-serrano-rj","status":"publish","type":"post","link":"https:\/\/arquivosfutebolbrasil.com.br\/blog\/2023\/11\/09\/jogo-historico-bonsucesso-rj-x-serrano-rj\/","title":{"rendered":"Jogo Hist\u00f3rico &#8211; Bonsucesso (RJ) x Serrano (RJ)"},"content":{"rendered":"\n<p><strong>Bonsucesso FC (Rio de Janeiro &#8211; RJ) 6&#215;3 Serrano FC (Petr\u00f3polis &#8211; RJ)<\/strong><br>Data: 30 de maio de 1937<br>Local: Petr\u00f3polis &#8211; RJ<br>Car\u00e1ter: Torneio Aberto Cidade de Petr\u00f3polis &#8211; 1937<br>\u00c1rbitro: Jos\u00e9 Ferreira da Silva<br>Gols: Gradim (2), Paranhos, Gamberalli, Pires, Pedro Nunes, Odyr (2) e Oscar<br>Bonsucesso: Pinheiro, Ign\u00e1cio e Draga; Camisa, Hermes e \u00c1lvaro; Nelson, Paranhos, Gradim, Pedro Nunes e Odyr<br>Serrano: Werneck, Ol\u00edvio e Maggiotto; Gamberalli, Geraldo e Oscar; Samuel, Zezinho, Oct\u00e1vio, Bibiu e Pires<\/p>\n\n\n\n<p>Fonte: Julio Bovi Diogo<\/p>\n","protected":false},"excerpt":{"rendered":"<p>Bonsucesso FC (Rio de Janeiro &#8211; RJ) 6&#215;3 Serrano FC (Petr\u00f3polis &#8211; RJ)Data: 30 de maio de 1937Local: Petr\u00f3polis &#8211; RJCar\u00e1ter: Torneio Aberto Cidade de Petr\u00f3polis &#8211; 1937\u00c1rbitro: Jos\u00e9 Ferreira da SilvaGols: Gradim (2), Paranhos, Gamberalli, Pires, Pedro Nunes, Odyr (2) e OscarBonsucesso: Pinheiro, Ign\u00e1cio e Draga; Camisa, Hermes e \u00c1lvaro; Nelson, Paranhos, Gradim, Pedro [&hellip;]<\/p>\n","protected":false},"author":2,"featured_media":0,"comment_status":"open","ping_status":"open","sticky":false,"template":"","format":"standard","meta":{"footnotes":""},"categories":[48,47,29],"tags":[],"class_list":["post-28119","post","type-post","status-publish","format-standard","hentry","category-campeonatos-historicos","category-jogos-historicos","category-rio-de-janeiro"],"_links":{"self":[{"href":"https:\/\/arquivosfutebolbrasil.com.br\/blog\/wp-json\/wp\/v2\/posts\/28119"}],"collection":[{"href":"https:\/\/arquivosfutebolbrasil.com.br\/blog\/wp-json\/wp\/v2\/posts"}],"about":[{"href":"https:\/\/arquivosfutebolbrasil.com.br\/blog\/wp-json\/wp\/v2\/types\/post"}],"author":[{"embeddable":true,"href":"https:\/\/arquivosfutebolbrasil.com.br\/blog\/wp-json\/wp\/v2\/users\/2"}],"replies":[{"embeddable":true,"href":"https:\/\/arquivosfutebolbrasil.com.br\/blog\/wp-json\/wp\/v2\/comments?post=28119"}],"version-history":[{"count":1,"href":"https:\/\/arquivosfutebolbrasil.com.br\/blog\/wp-json\/wp\/v2\/posts\/28119\/revisions"}],"predecessor-version":[{"id":28120,"href":"https:\/\/arquivosfutebolbrasil.com.br\/blog\/wp-json\/wp\/v2\/posts\/28119\/revisions\/28120"}],"wp:attachment":[{"href":"https:\/\/arquivosfutebolbrasil.com.br\/blog\/wp-json\/wp\/v2\/media?parent=28119"}],"wp:term":[{"taxonomy":"category","embeddable":true,"href":"https:\/\/arquivosfutebolbrasil.com.br\/blog\/wp-json\/wp\/v2\/categories?post=28119"},{"taxonomy":"post_tag","embeddable":true,"href":"https:\/\/arquivosfutebolbrasil.com.br\/blog\/wp-json\/wp\/v2\/tags?post=28119"}],"curies":[{"name":"wp","href":"https:\/\/api.w.org\/{rel}","templated":true}]}}