{"id":28063,"date":"2023-11-08T05:11:22","date_gmt":"2023-11-08T08:11:22","guid":{"rendered":"https:\/\/arquivosfutebolbrasil.com.br\/blog\/?p=28063"},"modified":"2023-11-08T05:11:23","modified_gmt":"2023-11-08T08:11:23","slug":"jogo-historico-serrano-rj-x-portuguesa-rj","status":"publish","type":"post","link":"https:\/\/arquivosfutebolbrasil.com.br\/blog\/2023\/11\/08\/jogo-historico-serrano-rj-x-portuguesa-rj\/","title":{"rendered":"Jogo Hist\u00f3rico &#8211; Serrano (RJ) x Portuguesa (RJ)"},"content":{"rendered":"\n<p><strong>Serrano FC (Petr\u00f3polis &#8211; RJ) 3&#215;3 AA Portuguesa (Rio de Janeiro &#8211; RJ)<\/strong><br>Data: 22 de mar\u00e7o de 1936<br>Local: Campo da Terra Santa, em Petr\u00f3polis &#8211; RJ<br>Car\u00e1ter: Amistoso Nacional<br>\u00c1rbitro: Augusto Rangel<br>Gols: n\u00e3o encontrados<br>Serrano: Werneck, Ol\u00edvio e Rog\u00e9rio; Arantes, Olavo e Oscar; Sampaio (Cosmes), Zezinho, Nen\u00e9m, Gamberatti e Renato (Silveira)<br>Portuguesa: On\u00e7a, Juc\u00e1 (Magalh\u00e3es) e Arlindo; Carlos, Rodrigo (Juc\u00e1) e Zico; Manoel, Bahiano, Nelson, Cebinho e Cabo<\/p>\n\n\n\n<p>Fonte: Julio Bovi Diogo<\/p>\n","protected":false},"excerpt":{"rendered":"<p>Serrano FC (Petr\u00f3polis &#8211; RJ) 3&#215;3 AA Portuguesa (Rio de Janeiro &#8211; RJ)Data: 22 de mar\u00e7o de 1936Local: Campo da Terra Santa, em Petr\u00f3polis &#8211; RJCar\u00e1ter: Amistoso Nacional\u00c1rbitro: Augusto RangelGols: n\u00e3o encontradosSerrano: Werneck, Ol\u00edvio e Rog\u00e9rio; Arantes, Olavo e Oscar; Sampaio (Cosmes), Zezinho, Nen\u00e9m, Gamberatti e Renato (Silveira)Portuguesa: On\u00e7a, Juc\u00e1 (Magalh\u00e3es) e Arlindo; Carlos, Rodrigo [&hellip;]<\/p>\n","protected":false},"author":2,"featured_media":0,"comment_status":"open","ping_status":"open","sticky":false,"template":"","format":"standard","meta":{"footnotes":""},"categories":[46,47,29],"tags":[],"class_list":["post-28063","post","type-post","status-publish","format-standard","hentry","category-jogos-amistosos-nacionais","category-jogos-historicos","category-rio-de-janeiro"],"_links":{"self":[{"href":"https:\/\/arquivosfutebolbrasil.com.br\/blog\/wp-json\/wp\/v2\/posts\/28063"}],"collection":[{"href":"https:\/\/arquivosfutebolbrasil.com.br\/blog\/wp-json\/wp\/v2\/posts"}],"about":[{"href":"https:\/\/arquivosfutebolbrasil.com.br\/blog\/wp-json\/wp\/v2\/types\/post"}],"author":[{"embeddable":true,"href":"https:\/\/arquivosfutebolbrasil.com.br\/blog\/wp-json\/wp\/v2\/users\/2"}],"replies":[{"embeddable":true,"href":"https:\/\/arquivosfutebolbrasil.com.br\/blog\/wp-json\/wp\/v2\/comments?post=28063"}],"version-history":[{"count":1,"href":"https:\/\/arquivosfutebolbrasil.com.br\/blog\/wp-json\/wp\/v2\/posts\/28063\/revisions"}],"predecessor-version":[{"id":28064,"href":"https:\/\/arquivosfutebolbrasil.com.br\/blog\/wp-json\/wp\/v2\/posts\/28063\/revisions\/28064"}],"wp:attachment":[{"href":"https:\/\/arquivosfutebolbrasil.com.br\/blog\/wp-json\/wp\/v2\/media?parent=28063"}],"wp:term":[{"taxonomy":"category","embeddable":true,"href":"https:\/\/arquivosfutebolbrasil.com.br\/blog\/wp-json\/wp\/v2\/categories?post=28063"},{"taxonomy":"post_tag","embeddable":true,"href":"https:\/\/arquivosfutebolbrasil.com.br\/blog\/wp-json\/wp\/v2\/tags?post=28063"}],"curies":[{"name":"wp","href":"https:\/\/api.w.org\/{rel}","templated":true}]}}