{"id":28059,"date":"2023-11-09T08:00:00","date_gmt":"2023-11-09T11:00:00","guid":{"rendered":"https:\/\/arquivosfutebolbrasil.com.br\/blog\/?p=28059"},"modified":"2023-11-07T21:06:07","modified_gmt":"2023-11-08T00:06:07","slug":"jogo-historico-metropol-sc-x-figueirense-sc","status":"publish","type":"post","link":"https:\/\/arquivosfutebolbrasil.com.br\/blog\/2023\/11\/09\/jogo-historico-metropol-sc-x-figueirense-sc\/","title":{"rendered":"Jogo Hist\u00f3rico &#8211; Metropol (SC) x Figueirense (SC)"},"content":{"rendered":"\n<p><strong>EC Metropol (Crici\u00fama &#8211; SC) 3&#215;1 Figueirense FC (Florian\u00f3polis &#8211; SC)<\/strong><br>Data: 24 de julho de 1966<br>Local: Florian\u00f3polis &#8211; SC<br>Car\u00e1ter: Campeonato Catarinense &#8211; 1966<br>\u00c1rbitro: Vicente de Farias<br>Gols: Id\u00e9sio, Milton, Binha e Galego<br>Metropol: Rubens, Gilberto Tim, Adailton Gibi e Edson; Arildo e Milton; Galego, Id\u00e9sio, Jo\u00e3o Pedro e Toninho<br>Figueirense: \u00c9dson, Juca, Zilton, Gercino e Manoel; Bi (Carlos Alberto) e Helinho; Romerito (Binha), Rubens, Cesar e Carlos Alberto<\/p>\n\n\n\n<p>Fonte: Dejair Fernandes<\/p>\n","protected":false},"excerpt":{"rendered":"<p>EC Metropol (Crici\u00fama &#8211; SC) 3&#215;1 Figueirense FC (Florian\u00f3polis &#8211; SC)Data: 24 de julho de 1966Local: Florian\u00f3polis &#8211; SCCar\u00e1ter: Campeonato Catarinense &#8211; 1966\u00c1rbitro: Vicente de FariasGols: Id\u00e9sio, Milton, Binha e GalegoMetropol: Rubens, Gilberto Tim, Adailton Gibi e Edson; Arildo e Milton; Galego, Id\u00e9sio, Jo\u00e3o Pedro e ToninhoFigueirense: \u00c9dson, Juca, Zilton, Gercino e Manoel; Bi (Carlos [&hellip;]<\/p>\n","protected":false},"author":2,"featured_media":0,"comment_status":"open","ping_status":"open","sticky":false,"template":"","format":"standard","meta":{"footnotes":""},"categories":[48,47,36],"tags":[],"class_list":["post-28059","post","type-post","status-publish","format-standard","hentry","category-campeonatos-historicos","category-jogos-historicos","category-santa-catarina"],"_links":{"self":[{"href":"https:\/\/arquivosfutebolbrasil.com.br\/blog\/wp-json\/wp\/v2\/posts\/28059"}],"collection":[{"href":"https:\/\/arquivosfutebolbrasil.com.br\/blog\/wp-json\/wp\/v2\/posts"}],"about":[{"href":"https:\/\/arquivosfutebolbrasil.com.br\/blog\/wp-json\/wp\/v2\/types\/post"}],"author":[{"embeddable":true,"href":"https:\/\/arquivosfutebolbrasil.com.br\/blog\/wp-json\/wp\/v2\/users\/2"}],"replies":[{"embeddable":true,"href":"https:\/\/arquivosfutebolbrasil.com.br\/blog\/wp-json\/wp\/v2\/comments?post=28059"}],"version-history":[{"count":1,"href":"https:\/\/arquivosfutebolbrasil.com.br\/blog\/wp-json\/wp\/v2\/posts\/28059\/revisions"}],"predecessor-version":[{"id":28060,"href":"https:\/\/arquivosfutebolbrasil.com.br\/blog\/wp-json\/wp\/v2\/posts\/28059\/revisions\/28060"}],"wp:attachment":[{"href":"https:\/\/arquivosfutebolbrasil.com.br\/blog\/wp-json\/wp\/v2\/media?parent=28059"}],"wp:term":[{"taxonomy":"category","embeddable":true,"href":"https:\/\/arquivosfutebolbrasil.com.br\/blog\/wp-json\/wp\/v2\/categories?post=28059"},{"taxonomy":"post_tag","embeddable":true,"href":"https:\/\/arquivosfutebolbrasil.com.br\/blog\/wp-json\/wp\/v2\/tags?post=28059"}],"curies":[{"name":"wp","href":"https:\/\/api.w.org\/{rel}","templated":true}]}}