{"id":28055,"date":"2023-11-07T19:50:48","date_gmt":"2023-11-07T22:50:48","guid":{"rendered":"https:\/\/arquivosfutebolbrasil.com.br\/blog\/?p=28055"},"modified":"2023-11-07T19:50:48","modified_gmt":"2023-11-07T22:50:48","slug":"jogo-historico-america-mg-x-fluminense-mg","status":"publish","type":"post","link":"https:\/\/arquivosfutebolbrasil.com.br\/blog\/2023\/11\/07\/jogo-historico-america-mg-x-fluminense-mg\/","title":{"rendered":"Jogo Hist\u00f3rico &#8211; Am\u00e9rica (MG) x Fluminense (MG)"},"content":{"rendered":"\n<p><strong>Am\u00e9rica FC (Belo Horizonte &#8211; MG) 1&#215;0 Fluminense FC (Araguari &#8211; MG)<\/strong><br>Data: 01 de abril de 1972<br>Local: Est\u00e1dio Mineir\u00e3o, em Belo Horizonte &#8211; MG<br>Car\u00e1ter: Campeonato Mineiro &#8211; 1972<br>\u00c1rbitro: Juan de La Pasi\u00f3n<br>Gol: Generoso<br>Am\u00e9rica: Nego; M\u00e1rio, Misael, Alem\u00e3o e Augusto; Pedro Omar e Ademir; Eli (Merola), Dirceu (Didinho), H\u00e9lio e Generoso<br>Fluminense: Vandeir; Correia, Lino, Tim e Arlindo; Ben\u00ea e Mauro; Lu\u00eds Carlos (Jair), Juca Show, Reinaldo e No\u00e9 (Toninho)<\/p>\n\n\n\n<p>Fonte: Julio Bovi Diogo<\/p>\n","protected":false},"excerpt":{"rendered":"<p>Am\u00e9rica FC (Belo Horizonte &#8211; MG) 1&#215;0 Fluminense FC (Araguari &#8211; MG)Data: 01 de abril de 1972Local: Est\u00e1dio Mineir\u00e3o, em Belo Horizonte &#8211; MGCar\u00e1ter: Campeonato Mineiro &#8211; 1972\u00c1rbitro: Juan de La Pasi\u00f3nGol: GenerosoAm\u00e9rica: Nego; M\u00e1rio, Misael, Alem\u00e3o e Augusto; Pedro Omar e Ademir; Eli (Merola), Dirceu (Didinho), H\u00e9lio e GenerosoFluminense: Vandeir; Correia, Lino, Tim e [&hellip;]<\/p>\n","protected":false},"author":2,"featured_media":0,"comment_status":"open","ping_status":"open","sticky":false,"template":"","format":"standard","meta":{"footnotes":""},"categories":[48,47,23],"tags":[],"class_list":["post-28055","post","type-post","status-publish","format-standard","hentry","category-campeonatos-historicos","category-jogos-historicos","category-minas-gerais"],"_links":{"self":[{"href":"https:\/\/arquivosfutebolbrasil.com.br\/blog\/wp-json\/wp\/v2\/posts\/28055"}],"collection":[{"href":"https:\/\/arquivosfutebolbrasil.com.br\/blog\/wp-json\/wp\/v2\/posts"}],"about":[{"href":"https:\/\/arquivosfutebolbrasil.com.br\/blog\/wp-json\/wp\/v2\/types\/post"}],"author":[{"embeddable":true,"href":"https:\/\/arquivosfutebolbrasil.com.br\/blog\/wp-json\/wp\/v2\/users\/2"}],"replies":[{"embeddable":true,"href":"https:\/\/arquivosfutebolbrasil.com.br\/blog\/wp-json\/wp\/v2\/comments?post=28055"}],"version-history":[{"count":1,"href":"https:\/\/arquivosfutebolbrasil.com.br\/blog\/wp-json\/wp\/v2\/posts\/28055\/revisions"}],"predecessor-version":[{"id":28056,"href":"https:\/\/arquivosfutebolbrasil.com.br\/blog\/wp-json\/wp\/v2\/posts\/28055\/revisions\/28056"}],"wp:attachment":[{"href":"https:\/\/arquivosfutebolbrasil.com.br\/blog\/wp-json\/wp\/v2\/media?parent=28055"}],"wp:term":[{"taxonomy":"category","embeddable":true,"href":"https:\/\/arquivosfutebolbrasil.com.br\/blog\/wp-json\/wp\/v2\/categories?post=28055"},{"taxonomy":"post_tag","embeddable":true,"href":"https:\/\/arquivosfutebolbrasil.com.br\/blog\/wp-json\/wp\/v2\/tags?post=28055"}],"curies":[{"name":"wp","href":"https:\/\/api.w.org\/{rel}","templated":true}]}}