{"id":28038,"date":"2023-11-15T05:31:17","date_gmt":"2023-11-15T08:31:17","guid":{"rendered":"https:\/\/arquivosfutebolbrasil.com.br\/blog\/?p=28038"},"modified":"2023-11-07T05:31:51","modified_gmt":"2023-11-07T08:31:51","slug":"jogo-historico-flamengo-mg-x-sparta-mg","status":"publish","type":"post","link":"https:\/\/arquivosfutebolbrasil.com.br\/blog\/2023\/11\/15\/jogo-historico-flamengo-mg-x-sparta-mg\/","title":{"rendered":"Jogo Hist\u00f3rico &#8211; Flamengo (MG) x Sparta (MG)"},"content":{"rendered":"\n<p><strong>Flamengo EC (Varginha \u2013 MG) 1&#215;0 Sparta FC (Campo Belo \u2013 MG)<\/strong><br>Data: 11 de dezembro de 1988<br>Local: Est\u00e1dio Dilzon Melo, em Varginha \u2013 MG<br>Car\u00e1ter: Campeonato Mineiro \u2013 2\u00aa Divis\u00e3o \u2013 1988<br>\u00c1rbitro: Tarciso Soares Sanches<br>Gol: Serginho<br>Flamengo: Valdair; Nilton, Barra Mansa, Fuma\u00e7a, Ma\u00e9rcio, Sales, D\u00b4Avila (Serginho), Careca, Miranda (Paulinho) e Rog\u00e9rio<br>Sparta: Ronaldo; Miguel, Pintinho, Mozer, Celso, Daniel, Ces\u00e1rio. Nicinho, Jurandir (Sidnei), Wagner e Geraldo<br><br>Fonte: Stadium Varginhense<\/p>\n","protected":false},"excerpt":{"rendered":"<p>Flamengo EC (Varginha \u2013 MG) 1&#215;0 Sparta FC (Campo Belo \u2013 MG)Data: 11 de dezembro de 1988Local: Est\u00e1dio Dilzon Melo, em Varginha \u2013 MGCar\u00e1ter: Campeonato Mineiro \u2013 2\u00aa Divis\u00e3o \u2013 1988\u00c1rbitro: Tarciso Soares SanchesGol: SerginhoFlamengo: Valdair; Nilton, Barra Mansa, Fuma\u00e7a, Ma\u00e9rcio, Sales, D\u00b4Avila (Serginho), Careca, Miranda (Paulinho) e Rog\u00e9rioSparta: Ronaldo; Miguel, Pintinho, Mozer, Celso, Daniel, [&hellip;]<\/p>\n","protected":false},"author":2,"featured_media":0,"comment_status":"open","ping_status":"open","sticky":false,"template":"","format":"standard","meta":{"footnotes":""},"categories":[48,47,23],"tags":[],"class_list":["post-28038","post","type-post","status-publish","format-standard","hentry","category-campeonatos-historicos","category-jogos-historicos","category-minas-gerais"],"_links":{"self":[{"href":"https:\/\/arquivosfutebolbrasil.com.br\/blog\/wp-json\/wp\/v2\/posts\/28038"}],"collection":[{"href":"https:\/\/arquivosfutebolbrasil.com.br\/blog\/wp-json\/wp\/v2\/posts"}],"about":[{"href":"https:\/\/arquivosfutebolbrasil.com.br\/blog\/wp-json\/wp\/v2\/types\/post"}],"author":[{"embeddable":true,"href":"https:\/\/arquivosfutebolbrasil.com.br\/blog\/wp-json\/wp\/v2\/users\/2"}],"replies":[{"embeddable":true,"href":"https:\/\/arquivosfutebolbrasil.com.br\/blog\/wp-json\/wp\/v2\/comments?post=28038"}],"version-history":[{"count":1,"href":"https:\/\/arquivosfutebolbrasil.com.br\/blog\/wp-json\/wp\/v2\/posts\/28038\/revisions"}],"predecessor-version":[{"id":28039,"href":"https:\/\/arquivosfutebolbrasil.com.br\/blog\/wp-json\/wp\/v2\/posts\/28038\/revisions\/28039"}],"wp:attachment":[{"href":"https:\/\/arquivosfutebolbrasil.com.br\/blog\/wp-json\/wp\/v2\/media?parent=28038"}],"wp:term":[{"taxonomy":"category","embeddable":true,"href":"https:\/\/arquivosfutebolbrasil.com.br\/blog\/wp-json\/wp\/v2\/categories?post=28038"},{"taxonomy":"post_tag","embeddable":true,"href":"https:\/\/arquivosfutebolbrasil.com.br\/blog\/wp-json\/wp\/v2\/tags?post=28038"}],"curies":[{"name":"wp","href":"https:\/\/api.w.org\/{rel}","templated":true}]}}